{"id":21749,"date":"2016-05-19T09:39:56","date_gmt":"2016-05-19T07:39:56","guid":{"rendered":"https:\/\/prizrenpost.com\/al\/?p=21749"},"modified":"2019-04-13T08:24:14","modified_gmt":"2019-04-13T06:24:14","slug":"17-vjet-nga-masakra-ne-burgun-e-dubraves","status":"publish","type":"post","link":"https:\/\/prizrenpost.com\/al\/17-vjet-nga-masakra-ne-burgun-e-dubraves\/","title":{"rendered":"17 vjet nga masakra n\u00eb burgun e Dubrav\u00ebs"},"content":{"rendered":"<p><img decoding=\"async\" src=\"https:\/\/prizrenpost.com\/al\/wp-content\/uploads\/2016\/05\/masakra-e-dubraves.jpg\" alt=\"\" width=\"100%\" height=\"\" class=\"alignleft size-full wp-image-54368\" srcset=\"https:\/\/prizrenpost.com\/al\/wp-content\/uploads\/2016\/05\/masakra-e-dubraves.jpg 800w, https:\/\/prizrenpost.com\/al\/wp-content\/uploads\/2016\/05\/masakra-e-dubraves-300x171.jpg 300w, https:\/\/prizrenpost.com\/al\/wp-content\/uploads\/2016\/05\/masakra-e-dubraves-768x437.jpg 768w\" sizes=\"(max-width: 800px) 100vw, 800px\" \/><\/p>\n<p><strong>Jan\u00eb b\u00ebr\u00eb 17 vite nga momenti m\u00eb fam\u00ebkeq p\u00ebr 150 t\u00eb burgosurit n\u00eb Burgun e Dubrav\u00ebs, t\u00eb cil\u00ebt u vran\u00eb nga gjuajtjet e aeroplan\u00ebve t\u00eb NATO-s.<\/strong><\/p>\n<p>Duke menduar se aty gjendej nj\u00eb nga caqet e ushtris\u00eb serbe, forcat ajrore t\u00eb NATO-s filluan bombardimet mbi pavijonet, t\u00eb cilat n\u00eb fakt kishin t\u00eb burgosur shqiptar\u00eb.<\/p>\n<p>Ky skenar i pushtuesit serb zgjati deri m\u00eb 22 maj, kur NATO e kuptoi se aty nuk ishin forcat serbe, por t\u00eb burgosurit shqiptar\u00eb.<\/p>\n<p>P\u00ebrpos 150 viktimave, n\u00eb k\u00ebt\u00eb burg mbeten t\u00eb plagosur edhe 300 t\u00eb tjer\u00eb.<\/p>\n<p>Nga rreth nj\u00eb mij\u00eb t\u00eb burgosur, t\u00eb cil\u00ebt ishin n\u00eb rreshtin e par\u00eb, jan\u00eb gjuajtur p\u00ebr vrasje me bomba e arm\u00eb dhe mbi 150 t\u00eb burgosur politik dhe ordiner shqiptar\u00eb jan\u00eb vrar\u00eb, nd\u00ebrsa mbi 300 t\u00eb tjer\u00eb, jan\u00eb plagosur.<\/p>\n<p>E gjendja vazhdon t\u00eb mbetet e nj\u00ebjt\u00eb. P\u00ebr k\u00ebt\u00eb krim t\u00eb b\u00ebr\u00eb 17 vjet m\u00eb par\u00eb nuk \u00ebsht\u00eb d\u00ebnuar askush, nd\u00ebrsa kan\u00eb munguar edhe hetimet nga institucionet e vendit.\/KP\/ <\/p>\n","protected":false},"excerpt":{"rendered":"<p>Jan\u00eb b\u00ebr\u00eb 17 vite nga momenti m\u00eb fam\u00ebkeq p\u00ebr 150 t\u00eb burgosurit n\u00eb Burgun e Dubrav\u00ebs, t\u00eb cil\u00ebt u vran\u00eb nga gjuajtjet e aeroplan\u00ebve t\u00eb NATO-s. Duke menduar se aty gjendej nj\u00eb nga caqet e ushtris\u00eb serbe, forcat ajrore t\u00eb NATO-s filluan bombardimet mbi pavijonet, t\u00eb cilat n\u00eb fakt kishin t\u00eb burgosur shqiptar\u00eb. Ky skenar [&hellip;]<\/p>\n","protected":false},"author":1,"featured_media":54368,"comment_status":"open","ping_status":"open","sticky":false,"template":"","format":"standard","meta":{"footnotes":""},"categories":[14],"tags":[1292,5333],"class_list":["post-21749","post","type-post","status-publish","format-standard","has-post-thumbnail","hentry","category-kombetare","tag-17-vjetori","tag-masakra-e-dubraves"],"_links":{"self":[{"href":"https:\/\/prizrenpost.com\/al\/wp-json\/wp\/v2\/posts\/21749","targetHints":{"allow":["GET"]}}],"collection":[{"href":"https:\/\/prizrenpost.com\/al\/wp-json\/wp\/v2\/posts"}],"about":[{"href":"https:\/\/prizrenpost.com\/al\/wp-json\/wp\/v2\/types\/post"}],"author":[{"embeddable":true,"href":"https:\/\/prizrenpost.com\/al\/wp-json\/wp\/v2\/users\/1"}],"replies":[{"embeddable":true,"href":"https:\/\/prizrenpost.com\/al\/wp-json\/wp\/v2\/comments?post=21749"}],"version-history":[{"count":0,"href":"https:\/\/prizrenpost.com\/al\/wp-json\/wp\/v2\/posts\/21749\/revisions"}],"wp:featuredmedia":[{"embeddable":true,"href":"https:\/\/prizrenpost.com\/al\/wp-json\/wp\/v2\/media\/54368"}],"wp:attachment":[{"href":"https:\/\/prizrenpost.com\/al\/wp-json\/wp\/v2\/media?parent=21749"}],"wp:term":[{"taxonomy":"category","embeddable":true,"href":"https:\/\/prizrenpost.com\/al\/wp-json\/wp\/v2\/categories?post=21749"},{"taxonomy":"post_tag","embeddable":true,"href":"https:\/\/prizrenpost.com\/al\/wp-json\/wp\/v2\/tags?post=21749"}],"curies":[{"name":"wp","href":"https:\/\/api.w.org\/{rel}","templated":true}]}}