{"id":2175,"date":"2013-09-13T10:24:25","date_gmt":"2013-09-13T08:24:25","guid":{"rendered":"http:\/\/prizrenpost.com\/al\/?p=2175"},"modified":"2020-07-06T18:28:11","modified_gmt":"2020-07-06T16:28:11","slug":"dortmundi-interesohet-per-casillasin","status":"publish","type":"post","link":"https:\/\/prizrenpost.com\/al\/dortmundi-interesohet-per-casillasin\/","title":{"rendered":"Dortmundi interesohet p\u00ebr Casillasin"},"content":{"rendered":"<p><img decoding=\"async\" src=\"https:\/\/prizrenpost.com\/al\/wp-content\/uploads\/2013\/09\/casillas.jpg\" alt=\"\" width=\"100%\" height=\"\" class=\"alignleft size-full wp-image-59354\" srcset=\"https:\/\/prizrenpost.com\/al\/wp-content\/uploads\/2013\/09\/casillas.jpg 662w, https:\/\/prizrenpost.com\/al\/wp-content\/uploads\/2013\/09\/casillas-300x204.jpg 300w\" sizes=\"(max-width: 662px) 100vw, 662px\" \/><\/p>\n<p><strong>Skuadra gjermane Borussia Dortmund \u00ebsht\u00eb duke u interesuar p\u00ebr transferimin e portierit spanjoll t\u00eb Real Madridit, Iker Casillas, b\u00ebn t\u00eb ditur gazeta gjermane &#8220;Bild&#8221; t\u00eb enjten.<\/strong><\/p>\n<p>Emri i kapitenit t\u00eb Real Madridit \u00ebsht\u00eb duke u lidhur me shum\u00eb skuadra, pasi ai ka vazhduar k\u00ebt\u00eb stinor me Carlo Ancelottin, ashtu si\u00e7 e la stinorin e kaluar n\u00ebn drejtimin e Jose Mourinhos, si rezervist i Diego Lopezit.<\/p>\n<p>M\u00eb her\u00ebt, si skuadra t\u00eb interesuara p\u00ebr Casillasin 32-vje\u00e7ar jan\u00eb p\u00ebrmendur Arsenali e Milan, por tash n\u00eb gar\u00eb \u00ebsht\u00eb edhe Dortmundi. Sipas gazet\u00ebs gjermane &#8220;Bild&#8221;, krer\u00ebt e Dortmundit kan\u00eb kontaktuar me agjent\u00ebt e Casillasit n\u00eb lidhje me nj\u00eb transferim t\u00eb mundsh\u00ebm t\u00eb reprezentuesit spanjoll n\u00eb janar. \/kohaditore<\/p>\n","protected":false},"excerpt":{"rendered":"<p>Skuadra gjermane Borussia Dortmund \u00ebsht\u00eb duke u interesuar p\u00ebr transferimin e portierit spanjoll t\u00eb Real Madridit, Iker Casillas, b\u00ebn t\u00eb ditur gazeta gjermane &#8220;Bild&#8221; t\u00eb enjten. Emri i kapitenit t\u00eb Real Madridit \u00ebsht\u00eb duke u lidhur me shum\u00eb skuadra, pasi ai ka vazhduar k\u00ebt\u00eb stinor me Carlo Ancelottin, ashtu si\u00e7 e la stinorin e kaluar [&hellip;]<\/p>\n","protected":false},"author":1,"featured_media":59354,"comment_status":"open","ping_status":"open","sticky":false,"template":"","format":"standard","meta":{"footnotes":""},"categories":[7],"tags":[4858,4886],"class_list":["post-2175","post","type-post","status-publish","format-standard","has-post-thumbnail","hentry","category-sport","tag-borussia-dortmund","tag-iker-casillas"],"_links":{"self":[{"href":"https:\/\/prizrenpost.com\/al\/wp-json\/wp\/v2\/posts\/2175","targetHints":{"allow":["GET"]}}],"collection":[{"href":"https:\/\/prizrenpost.com\/al\/wp-json\/wp\/v2\/posts"}],"about":[{"href":"https:\/\/prizrenpost.com\/al\/wp-json\/wp\/v2\/types\/post"}],"author":[{"embeddable":true,"href":"https:\/\/prizrenpost.com\/al\/wp-json\/wp\/v2\/users\/1"}],"replies":[{"embeddable":true,"href":"https:\/\/prizrenpost.com\/al\/wp-json\/wp\/v2\/comments?post=2175"}],"version-history":[{"count":1,"href":"https:\/\/prizrenpost.com\/al\/wp-json\/wp\/v2\/posts\/2175\/revisions"}],"predecessor-version":[{"id":59355,"href":"https:\/\/prizrenpost.com\/al\/wp-json\/wp\/v2\/posts\/2175\/revisions\/59355"}],"wp:featuredmedia":[{"embeddable":true,"href":"https:\/\/prizrenpost.com\/al\/wp-json\/wp\/v2\/media\/59354"}],"wp:attachment":[{"href":"https:\/\/prizrenpost.com\/al\/wp-json\/wp\/v2\/media?parent=2175"}],"wp:term":[{"taxonomy":"category","embeddable":true,"href":"https:\/\/prizrenpost.com\/al\/wp-json\/wp\/v2\/categories?post=2175"},{"taxonomy":"post_tag","embeddable":true,"href":"https:\/\/prizrenpost.com\/al\/wp-json\/wp\/v2\/tags?post=2175"}],"curies":[{"name":"wp","href":"https:\/\/api.w.org\/{rel}","templated":true}]}}