{"id":21811,"date":"2016-05-21T13:34:56","date_gmt":"2016-05-21T11:34:56","guid":{"rendered":"https:\/\/prizrenpost.com\/al\/?p=21811"},"modified":"2018-12-09T17:59:09","modified_gmt":"2018-12-09T16:59:09","slug":"a-do-te-hapet-ambasada-kosovare-ne-emiratet-e-bashkuara-arabe","status":"publish","type":"post","link":"https:\/\/prizrenpost.com\/al\/a-do-te-hapet-ambasada-kosovare-ne-emiratet-e-bashkuara-arabe\/","title":{"rendered":"A do t\u00eb hapet ambasada Kosovare n\u00eb Emiratet e Bashkuara Arabe ?"},"content":{"rendered":"<p><img decoding=\"async\" src=\"https:\/\/prizrenpost.com\/al\/wp-content\/uploads\/2016\/05\/selimi.jpg\" alt=\"\" width=\"100%\" height=\"\" class=\"alignleft size-full wp-image-49597\" srcset=\"https:\/\/prizrenpost.com\/al\/wp-content\/uploads\/2016\/05\/selimi.jpg 610w, https:\/\/prizrenpost.com\/al\/wp-content\/uploads\/2016\/05\/selimi-300x169.jpg 300w\" sizes=\"(max-width: 610px) 100vw, 610px\" \/><\/p>\n<p><strong>Ministri Selimi ka fal\u00ebnderuar Al Khourin p\u00ebr p\u00ebrkrahjen e vazhdueshme t\u00eb Emirateve t\u00eb Bashkuara Arabe dh\u00ebn\u00eb Kosov\u00ebs si dhe p\u00ebr lobimin e vazhduesh\u00ebm p\u00ebr njohjen e pavar\u00ebsis\u00eb s\u00eb Kosov\u00ebs. Me k\u00ebt\u00eb rast Selimi e ka informuar delegacionin e Emirateve p\u00ebr iniciativ\u00ebn p\u00ebr hapjen e Ambasad\u00ebs n\u00eb Abu Dhabi si dhe p\u00ebr zhvillimet n\u00eb vend.<\/strong><\/p>\n<p>Ai e ka njoftuar delegacioni edhe p\u00ebr prioritetet e politik\u00ebs s\u00eb jashtme, p\u00ebr aktivitetet e institucioneve t\u00eb Republik\u00ebs s\u00eb Kosov\u00ebs rreth toleranc\u00ebs dhe dialogut nd\u00ebrfetar si dhe p\u00ebr aspiratat e vendit p\u00ebr t`u an\u00ebtar\u00ebsuar n\u00eb strukturat euroatlantike.<\/p>\n<p>Ministri Selimi ka p\u00ebrsh\u00ebndetur arritjen e marr\u00ebveshje si, p\u00ebr promovimin dhe mbrojtjen reciproke t\u00eb investimeve ashtu edhe p\u00ebr eliminimin e tatimeve t\u00eb dyfishta, duke potencuar q\u00eb marr\u00ebveshjet n\u00eb fjal\u00eb do t\u00eb krijojn\u00eb mund\u00ebsit\u00eb m\u00eb t\u00eb mira p\u00ebr bashk\u00ebpunim ekonomik nd\u00ebrmjet dy vendeve.<\/p>\n<p>Sipas nj\u00eb komunikate t\u00eb Ministris\u00eb s\u00eb Pun\u00ebve t\u00eb Jashtme, udh\u00ebheq\u00ebsi i delegacionit t\u00eb Emirateve t\u00eb Bashkuara Arabe, Al Khouri, ka uruar ministrin Selimi p\u00ebr nismat e njohura t\u00eb dialogut nd\u00ebrfetar. Ai ka p\u00ebrg\u00ebzuar Selimin gjithashtu edhe p\u00ebr arritjet n\u00eb shtetin m\u00eb t\u00eb ri evropian dhe ka paralajm\u00ebruar shtim n\u00eb interesimin e Emirateve p\u00ebr investime n\u00eb Kosov\u00eb.<\/p>\n","protected":false},"excerpt":{"rendered":"<p>Ministri Selimi ka fal\u00ebnderuar Al Khourin p\u00ebr p\u00ebrkrahjen e vazhdueshme t\u00eb Emirateve t\u00eb Bashkuara Arabe dh\u00ebn\u00eb Kosov\u00ebs si dhe p\u00ebr lobimin e vazhduesh\u00ebm p\u00ebr njohjen e pavar\u00ebsis\u00eb s\u00eb Kosov\u00ebs. Me k\u00ebt\u00eb rast Selimi e ka informuar delegacionin e Emirateve p\u00ebr iniciativ\u00ebn p\u00ebr hapjen e Ambasad\u00ebs n\u00eb Abu Dhabi si dhe p\u00ebr zhvillimet n\u00eb vend. Ai [&hellip;]<\/p>\n","protected":false},"author":1,"featured_media":49597,"comment_status":"open","ping_status":"open","sticky":false,"template":"","format":"standard","meta":{"footnotes":""},"categories":[24],"tags":[4950,3407],"class_list":["post-21811","post","type-post","status-publish","format-standard","has-post-thumbnail","hentry","category-bote","tag-ambasada-e-kosoves","tag-emiratet-e-bashkuara-arabe"],"_links":{"self":[{"href":"https:\/\/prizrenpost.com\/al\/wp-json\/wp\/v2\/posts\/21811","targetHints":{"allow":["GET"]}}],"collection":[{"href":"https:\/\/prizrenpost.com\/al\/wp-json\/wp\/v2\/posts"}],"about":[{"href":"https:\/\/prizrenpost.com\/al\/wp-json\/wp\/v2\/types\/post"}],"author":[{"embeddable":true,"href":"https:\/\/prizrenpost.com\/al\/wp-json\/wp\/v2\/users\/1"}],"replies":[{"embeddable":true,"href":"https:\/\/prizrenpost.com\/al\/wp-json\/wp\/v2\/comments?post=21811"}],"version-history":[{"count":0,"href":"https:\/\/prizrenpost.com\/al\/wp-json\/wp\/v2\/posts\/21811\/revisions"}],"wp:featuredmedia":[{"embeddable":true,"href":"https:\/\/prizrenpost.com\/al\/wp-json\/wp\/v2\/media\/49597"}],"wp:attachment":[{"href":"https:\/\/prizrenpost.com\/al\/wp-json\/wp\/v2\/media?parent=21811"}],"wp:term":[{"taxonomy":"category","embeddable":true,"href":"https:\/\/prizrenpost.com\/al\/wp-json\/wp\/v2\/categories?post=21811"},{"taxonomy":"post_tag","embeddable":true,"href":"https:\/\/prizrenpost.com\/al\/wp-json\/wp\/v2\/tags?post=21811"}],"curies":[{"name":"wp","href":"https:\/\/api.w.org\/{rel}","templated":true}]}}