{"id":22015,"date":"2016-05-24T21:00:32","date_gmt":"2016-05-24T19:00:32","guid":{"rendered":"https:\/\/prizrenpost.com\/al\/?p=22015"},"modified":"2018-12-12T10:09:57","modified_gmt":"2018-12-12T09:09:57","slug":"telashe-me-listat-e-veteraneve-te-uck-se","status":"publish","type":"post","link":"https:\/\/prizrenpost.com\/al\/telashe-me-listat-e-veteraneve-te-uck-se\/","title":{"rendered":"Telashe me listat e veteran\u00ebve t\u00eb U\u00c7K-s\u00eb"},"content":{"rendered":"<p>[youtube Doy2wMOlkGA]<\/p>\n<p><strong>Prishtin\u00eb &#8211; Komisioni qeveritar p\u00ebr njohjen dhe verifikimin e statusit t\u00eb d\u00ebshmorit t\u00eb kombit, invalidit, veteranit, pjes\u00ebtarit apo t\u00eb internuarit n\u00eb U\u00c7K-s\u00eb, nuk ka arritur ta kryej\u00eb pun\u00ebn n\u00eb afatin e k\u00ebrkuar ligjor.<\/strong><\/p>\n<p>Komisioni ka vazhduar pun\u00ebn e mbetur n\u00eb gjysm\u00eb edhe p\u00ebr disa dit\u00eb, pas p\u00ebrfundimit t\u00eb mandatit, pasi q\u00eb nuk ka arritur ta dor\u00ebzoj\u00eb raportin p\u00ebrfundimtar n\u00eb Qeveri, p\u00ebr t\u00eb cil\u00ebn gj\u00eb ishte obliguar ta dor\u00ebzonte deri m\u00eb 20 maj.<\/p>\n<p>Nga Qeveria e Kosov\u00ebs e kan\u00eb konfirmuar se dor\u00ebzimi \u00ebsht\u00eb dashur t\u00eb b\u00ebhet sot.<\/p>\n<p>Faton Abdullahu, k\u00ebshilltari i kryeministrit Isa Mustafa, ka th\u00ebn\u00eb p\u00ebr Tribuna Channel se raporti do t\u00eb dor\u00ebzohej gjat\u00eb dit\u00ebs.<\/p>\n<p>Edhe Smajl Elezaj nga organizata e veteran\u00ebve t\u00eb luft\u00ebs s\u00eb U\u00c7K-s\u00eb e konfirmon se dor\u00ebzimi i listave do t\u00eb duhej t\u00eb ndodhte sot.<\/p>\n","protected":false},"excerpt":{"rendered":"<p>[youtube Doy2wMOlkGA] Prishtin\u00eb &#8211; Komisioni qeveritar p\u00ebr njohjen dhe verifikimin e statusit t\u00eb d\u00ebshmorit t\u00eb kombit, invalidit, veteranit, pjes\u00ebtarit apo t\u00eb internuarit n\u00eb U\u00c7K-s\u00eb, nuk ka arritur ta kryej\u00eb pun\u00ebn n\u00eb afatin e k\u00ebrkuar ligjor. Komisioni ka vazhduar pun\u00ebn e mbetur n\u00eb gjysm\u00eb edhe p\u00ebr disa dit\u00eb, pas p\u00ebrfundimit t\u00eb mandatit, pasi q\u00eb nuk ka [&hellip;]<\/p>\n","protected":false},"author":1,"featured_media":50101,"comment_status":"open","ping_status":"open","sticky":false,"template":"","format":"standard","meta":{"footnotes":""},"categories":[14],"tags":[48,36,722],"class_list":["post-22015","post","type-post","status-publish","format-standard","has-post-thumbnail","hentry","category-kombetare","tag-kosove","tag-uck","tag-veteranet"],"_links":{"self":[{"href":"https:\/\/prizrenpost.com\/al\/wp-json\/wp\/v2\/posts\/22015","targetHints":{"allow":["GET"]}}],"collection":[{"href":"https:\/\/prizrenpost.com\/al\/wp-json\/wp\/v2\/posts"}],"about":[{"href":"https:\/\/prizrenpost.com\/al\/wp-json\/wp\/v2\/types\/post"}],"author":[{"embeddable":true,"href":"https:\/\/prizrenpost.com\/al\/wp-json\/wp\/v2\/users\/1"}],"replies":[{"embeddable":true,"href":"https:\/\/prizrenpost.com\/al\/wp-json\/wp\/v2\/comments?post=22015"}],"version-history":[{"count":0,"href":"https:\/\/prizrenpost.com\/al\/wp-json\/wp\/v2\/posts\/22015\/revisions"}],"wp:featuredmedia":[{"embeddable":true,"href":"https:\/\/prizrenpost.com\/al\/wp-json\/wp\/v2\/media\/50101"}],"wp:attachment":[{"href":"https:\/\/prizrenpost.com\/al\/wp-json\/wp\/v2\/media?parent=22015"}],"wp:term":[{"taxonomy":"category","embeddable":true,"href":"https:\/\/prizrenpost.com\/al\/wp-json\/wp\/v2\/categories?post=22015"},{"taxonomy":"post_tag","embeddable":true,"href":"https:\/\/prizrenpost.com\/al\/wp-json\/wp\/v2\/tags?post=22015"}],"curies":[{"name":"wp","href":"https:\/\/api.w.org\/{rel}","templated":true}]}}