{"id":22597,"date":"2016-06-22T14:50:32","date_gmt":"2016-06-22T12:50:32","guid":{"rendered":"https:\/\/prizrenpost.com\/al\/?p=22597"},"modified":"2017-03-24T22:28:36","modified_gmt":"2017-03-24T21:28:36","slug":"historiani-grek-si-i-sollem-greket-nga-anadolli-dhe-debuam-camet","status":"publish","type":"post","link":"https:\/\/prizrenpost.com\/al\/historiani-grek-si-i-sollem-greket-nga-anadolli-dhe-debuam-camet\/","title":{"rendered":"Historiani grek: Si i soll\u00ebm grek\u00ebt nga Anadolli dhe d\u00ebbuam \u00e7am\u00ebt"},"content":{"rendered":"<p><img decoding=\"async\" src=\"https:\/\/prizrenpost.com\/al\/wp-content\/uploads\/2016\/06\/greku.jpg\" alt=\"greku\" width=\"300\" height=\"\" class=\"alignleft size-full wp-image-22598\" srcset=\"https:\/\/prizrenpost.com\/al\/wp-content\/uploads\/2016\/06\/greku.jpg 700w, https:\/\/prizrenpost.com\/al\/wp-content\/uploads\/2016\/06\/greku-268x300.jpg 268w\" sizes=\"(max-width: 700px) 100vw, 700px\" \/><\/p>\n<p><strong>Athin\u00eb &#8211; \u201cSoll\u00ebm grek\u00ebt nga Anadolli dhe d\u00ebbuam \u00e7am\u00ebt\u201d. K\u00ebshtu u shpreh p\u00ebr \u201cCNN\u201d-in grek m\u00eb 12 qershor, Konstandinos Tsitselikis, eksperti i pakicave etnike dhe profesor i historis\u00eb ballkanike, sllav\u00ebve dhe t\u00eb lindjes n\u00eb Universitetin e Maqedonis\u00eb n\u00eb Selanik.<\/strong><\/p>\n<p>\u201cGj\u00ebrat jan\u00eb tensionuar tej mase pas viteve 1925-1926, kur qeveria e at\u00ebhershme e udh\u00ebhequr nga Venizelos sekuestroi pronat e \u00e7am\u00ebve pa i kompensuar. K\u00ebshtu, shp\u00ebrtheu vala e dhun\u00ebs midis grek\u00ebve (t\u00eb ardhur nga Anadolli) dhe \u00e7am\u00ebve. Pika kulmore arrin, kur nj\u00eb pjes\u00eb e \u00e7am\u00ebve bashk\u00ebpunuan me italian\u00ebt dhe gjerman\u00ebt. \u00cbsht\u00eb artificiale ideja se t\u00eb gjith\u00eb \u00e7am\u00ebt ishin bashk\u00ebpun\u00ebtor\u00eb t\u00eb gjerman\u00ebve, pasi pati nj\u00eb pjes\u00eb u rreshtuan n\u00eb luft\u00ebn antifashiste me ELAS mbi 500 \u00e7am\u00eb. N\u00eb vitet 1943-1944 forcat e EDES t\u00eb udh\u00ebhequr nga Napoleon Zerva d\u00ebbuan me forc\u00eb p\u00ebr n\u00eb Shqip\u00ebri rreth 20.000-25.000 \u00e7am\u00eb. Nga ky d\u00ebbim i dhunsh\u00ebm u vran\u00eb rreth 3.000 njer\u00ebz, pjesa tjet\u00ebr arriti t\u00eb shp\u00ebtoj\u00eb duke ikur n\u00eb Shqip\u00ebri.<\/p>\n<p>Kjo \u00ebsht\u00eb padyshim p\u00ebrvoja m\u00eb dramatike p\u00ebr \u00e7am\u00ebt dhe pasardh\u00ebsit e tyre, sepse ata humb\u00ebn pronat e tyre dhe n\u00ebnshtet\u00ebsin\u00eb greke. EDES e udh\u00ebhequr nga Zerva nuk ishte ushtri shtet\u00ebrore greke, por ata kryen krime lufte.<\/p>\n<p>Greqia nuk duhet ta fsheh\u00eb k\u00ebt\u00eb tem\u00eb n\u00ebn rrogoz. Pala greke duhet t\u00eb ulet dhe t\u00eb diskutoj\u00eb politikisht k\u00ebt\u00eb tem\u00eb p\u00ebr t\u2019u mbyllur. Ajo po e vendos k\u00ebt\u00eb tem\u00eb n\u00ebn rrogoz, kur ajo duhet ta hap\u00eb p\u00ebr t\u00eb diskutuar se \u00e7far\u00eb ka ndodhur at\u00eb periudh\u00eb. P\u00ebr fat t\u00eb keq kan\u00eb ndodhur ato q\u00eb ndodh\u00ebn. Dakord, por q\u00eb at\u00ebher\u00eb kan\u00eb kaluar tre breza. Kjo \u00ebsht\u00eb m\u00eb tep\u00ebr nj\u00eb \u00e7\u00ebshtje e t\u00eb drejt\u00ebs morale p\u00ebr t\u00eb njohur at\u00eb q\u00eb ka ndodhur m\u00eb par\u00eb.\u201d, tha Tsitselikis.\/Nacionalalbania\/<\/p>\n","protected":false},"excerpt":{"rendered":"<p>Athin\u00eb &#8211; \u201cSoll\u00ebm grek\u00ebt nga Anadolli dhe d\u00ebbuam \u00e7am\u00ebt\u201d. K\u00ebshtu u shpreh p\u00ebr \u201cCNN\u201d-in grek m\u00eb 12 qershor, Konstandinos Tsitselikis, eksperti i pakicave etnike dhe profesor i historis\u00eb ballkanike, sllav\u00ebve dhe t\u00eb lindjes n\u00eb Universitetin e Maqedonis\u00eb n\u00eb Selanik. \u201cGj\u00ebrat jan\u00eb tensionuar tej mase pas viteve 1925-1926, kur qeveria e at\u00ebhershme e udh\u00ebhequr nga Venizelos [&hellip;]<\/p>\n","protected":false},"author":1,"featured_media":22598,"comment_status":"open","ping_status":"open","sticky":false,"template":"","format":"standard","meta":{"footnotes":""},"categories":[4],"tags":[],"class_list":["post-22597","post","type-post","status-publish","format-standard","has-post-thumbnail","hentry","category-kulture"],"_links":{"self":[{"href":"https:\/\/prizrenpost.com\/al\/wp-json\/wp\/v2\/posts\/22597","targetHints":{"allow":["GET"]}}],"collection":[{"href":"https:\/\/prizrenpost.com\/al\/wp-json\/wp\/v2\/posts"}],"about":[{"href":"https:\/\/prizrenpost.com\/al\/wp-json\/wp\/v2\/types\/post"}],"author":[{"embeddable":true,"href":"https:\/\/prizrenpost.com\/al\/wp-json\/wp\/v2\/users\/1"}],"replies":[{"embeddable":true,"href":"https:\/\/prizrenpost.com\/al\/wp-json\/wp\/v2\/comments?post=22597"}],"version-history":[{"count":0,"href":"https:\/\/prizrenpost.com\/al\/wp-json\/wp\/v2\/posts\/22597\/revisions"}],"wp:featuredmedia":[{"embeddable":true,"href":"https:\/\/prizrenpost.com\/al\/wp-json\/wp\/v2\/media\/22598"}],"wp:attachment":[{"href":"https:\/\/prizrenpost.com\/al\/wp-json\/wp\/v2\/media?parent=22597"}],"wp:term":[{"taxonomy":"category","embeddable":true,"href":"https:\/\/prizrenpost.com\/al\/wp-json\/wp\/v2\/categories?post=22597"},{"taxonomy":"post_tag","embeddable":true,"href":"https:\/\/prizrenpost.com\/al\/wp-json\/wp\/v2\/tags?post=22597"}],"curies":[{"name":"wp","href":"https:\/\/api.w.org\/{rel}","templated":true}]}}