{"id":22851,"date":"2016-07-01T17:04:05","date_gmt":"2016-07-01T15:04:05","guid":{"rendered":"https:\/\/prizrenpost.com\/al\/?p=22851"},"modified":"2017-03-22T21:47:34","modified_gmt":"2017-03-22T20:47:34","slug":"collaku-akuzon-qeverine-per-mostranspranecne-ne-buxhet","status":"publish","type":"post","link":"https:\/\/prizrenpost.com\/al\/collaku-akuzon-qeverine-per-mostranspranecne-ne-buxhet\/","title":{"rendered":"\u00c7ollaku akuzon Qeverin\u00eb p\u00ebr mostranspranecn\u00eb n\u00eb buxhet"},"content":{"rendered":"<p><img decoding=\"async\" src=\"https:\/\/prizrenpost.com\/al\/wp-content\/uploads\/2016\/07\/collaku2506.jpg\" alt=\"collaku2506\" width=\"100%\" height=\"\" class=\"alignleft size-full wp-image-22852\" srcset=\"https:\/\/prizrenpost.com\/al\/wp-content\/uploads\/2016\/07\/collaku2506.jpg 780w, https:\/\/prizrenpost.com\/al\/wp-content\/uploads\/2016\/07\/collaku2506-300x192.jpg 300w, https:\/\/prizrenpost.com\/al\/wp-content\/uploads\/2016\/07\/collaku2506-768x492.jpg 768w\" sizes=\"(max-width: 780px) 100vw, 780px\" \/><\/p>\n<p><strong>Prishtin\u00eb &#8211; Pa vot\u00ebn e Bekim \u00c7ollakut \u00ebsht\u00eb miratuar rishikimi i Buxhetit n\u00eb mbledhjen e sotme t\u00eb Qeveris\u00eb s\u00eb Kosov\u00ebs. Ministri p\u00ebr Integrime Evropiane ka votuar kund\u00ebr, dhe p\u00ebr k\u00ebt\u00eb ka pasur nj\u00eb arsyetim.<\/strong><\/p>\n<p>Ai tha se n\u00eb m\u00ebnyr\u00eb jotransparente ministris\u00eb q\u00eb ai drejton i jan\u00eb marr\u00eb 50 mij\u00eb euro, t\u00eb parapara p\u00ebr bashk\u00ebfinancimin e projektit q\u00eb ka t\u00eb b\u00ebj\u00eb me fushat\u00ebn vet\u00ebdijesuese p\u00ebr liberalizim t\u00eb vizave.<\/p>\n<p>Tha se pa k\u00ebto mjete, rrezikohet edhe procesi i liberalizimit e edhe agjenda integruese, raporton Koha.net.<\/p>\n<p>\u00c7ollaku e ministri Avdullah Hoti kan\u00eb polemizuar p\u00ebr k\u00ebt\u00eb dhe n\u00eb fund Buxheti \u00ebsht\u00eb aprovu pa p\u00ebrfshir\u00eb edhe breng\u00ebn e \u00c7ollakut.<\/p>\n","protected":false},"excerpt":{"rendered":"<p>Prishtin\u00eb &#8211; Pa vot\u00ebn e Bekim \u00c7ollakut \u00ebsht\u00eb miratuar rishikimi i Buxhetit n\u00eb mbledhjen e sotme t\u00eb Qeveris\u00eb s\u00eb Kosov\u00ebs. Ministri p\u00ebr Integrime Evropiane ka votuar kund\u00ebr, dhe p\u00ebr k\u00ebt\u00eb ka pasur nj\u00eb arsyetim. Ai tha se n\u00eb m\u00ebnyr\u00eb jotransparente ministris\u00eb q\u00eb ai drejton i jan\u00eb marr\u00eb 50 mij\u00eb euro, t\u00eb parapara p\u00ebr bashk\u00ebfinancimin e [&hellip;]<\/p>\n","protected":false},"author":1,"featured_media":22852,"comment_status":"open","ping_status":"open","sticky":false,"template":"","format":"standard","meta":{"footnotes":""},"categories":[14],"tags":[],"class_list":["post-22851","post","type-post","status-publish","format-standard","has-post-thumbnail","hentry","category-kombetare"],"_links":{"self":[{"href":"https:\/\/prizrenpost.com\/al\/wp-json\/wp\/v2\/posts\/22851","targetHints":{"allow":["GET"]}}],"collection":[{"href":"https:\/\/prizrenpost.com\/al\/wp-json\/wp\/v2\/posts"}],"about":[{"href":"https:\/\/prizrenpost.com\/al\/wp-json\/wp\/v2\/types\/post"}],"author":[{"embeddable":true,"href":"https:\/\/prizrenpost.com\/al\/wp-json\/wp\/v2\/users\/1"}],"replies":[{"embeddable":true,"href":"https:\/\/prizrenpost.com\/al\/wp-json\/wp\/v2\/comments?post=22851"}],"version-history":[{"count":0,"href":"https:\/\/prizrenpost.com\/al\/wp-json\/wp\/v2\/posts\/22851\/revisions"}],"wp:featuredmedia":[{"embeddable":true,"href":"https:\/\/prizrenpost.com\/al\/wp-json\/wp\/v2\/media\/22852"}],"wp:attachment":[{"href":"https:\/\/prizrenpost.com\/al\/wp-json\/wp\/v2\/media?parent=22851"}],"wp:term":[{"taxonomy":"category","embeddable":true,"href":"https:\/\/prizrenpost.com\/al\/wp-json\/wp\/v2\/categories?post=22851"},{"taxonomy":"post_tag","embeddable":true,"href":"https:\/\/prizrenpost.com\/al\/wp-json\/wp\/v2\/tags?post=22851"}],"curies":[{"name":"wp","href":"https:\/\/api.w.org\/{rel}","templated":true}]}}