{"id":23109,"date":"2016-07-06T17:31:30","date_gmt":"2016-07-06T15:31:30","guid":{"rendered":"https:\/\/prizrenpost.com\/al\/?p=23109"},"modified":"2017-03-22T21:12:28","modified_gmt":"2017-03-22T20:12:28","slug":"collaku-del-me-daten-tjeter-per-levizjen-pa-viza","status":"publish","type":"post","link":"https:\/\/prizrenpost.com\/al\/collaku-del-me-daten-tjeter-per-levizjen-pa-viza\/","title":{"rendered":"\u00c7ollaku del me dat\u00ebn tjet\u00ebr p\u00ebr l\u00ebvizjen pa viza"},"content":{"rendered":"<p><img decoding=\"async\" src=\"https:\/\/prizrenpost.com\/al\/wp-content\/uploads\/2016\/07\/collaku2506-1.jpg\" alt=\"collaku2506\" width=\"100%\" height=\"\" class=\"alignleft size-full wp-image-23110\" srcset=\"https:\/\/prizrenpost.com\/al\/wp-content\/uploads\/2016\/07\/collaku2506-1.jpg 780w, https:\/\/prizrenpost.com\/al\/wp-content\/uploads\/2016\/07\/collaku2506-1-300x192.jpg 300w, https:\/\/prizrenpost.com\/al\/wp-content\/uploads\/2016\/07\/collaku2506-1-768x492.jpg 768w\" sizes=\"(max-width: 780px) 100vw, 780px\" \/><\/p>\n<p><strong>Prishtin\u00eb &#8211; Ministri i Integrimeve Evropiane, Bekim \u00c7ollaku, ka treguar p\u00ebr dat\u00ebn e ardhshme p\u00ebr l\u00ebvizjen pa viza.<\/strong><\/p>\n<p>\u201cN\u00ebse deri n\u00eb vjesht\u00ebn e hershme, shtator-tetor, nuk e kemi t\u00eb kryer k\u00ebt\u00eb \u00e7\u00ebshtje, at\u00ebher\u00eb rrezikojm\u00eb vendimmarrjen. K\u00ebshtu q\u00eb, ta z\u00ebm\u00eb, n\u00ebse vendimi merret n\u00eb fund t\u00eb muajit tetor, i bie q\u00eb nga muaji dhjetor m\u00eb s\u00eb largu t\u00eb zbatohet n\u00eb praktik\u00eb vendimi i l\u00ebvizjes pa viza p\u00ebr qytetar\u00ebt e Kosov\u00ebs\u201d, ka th\u00ebn\u00eb \u00c7ollaku n\u00eb \u201cRubikon\u201d t\u00eb KTV-s\u00eb, transmeton Koha.net.<\/p>\n","protected":false},"excerpt":{"rendered":"<p>Prishtin\u00eb &#8211; Ministri i Integrimeve Evropiane, Bekim \u00c7ollaku, ka treguar p\u00ebr dat\u00ebn e ardhshme p\u00ebr l\u00ebvizjen pa viza. \u201cN\u00ebse deri n\u00eb vjesht\u00ebn e hershme, shtator-tetor, nuk e kemi t\u00eb kryer k\u00ebt\u00eb \u00e7\u00ebshtje, at\u00ebher\u00eb rrezikojm\u00eb vendimmarrjen. K\u00ebshtu q\u00eb, ta z\u00ebm\u00eb, n\u00ebse vendimi merret n\u00eb fund t\u00eb muajit tetor, i bie q\u00eb nga muaji dhjetor m\u00eb s\u00eb [&hellip;]<\/p>\n","protected":false},"author":1,"featured_media":23110,"comment_status":"open","ping_status":"open","sticky":false,"template":"","format":"standard","meta":{"footnotes":""},"categories":[14],"tags":[],"class_list":["post-23109","post","type-post","status-publish","format-standard","has-post-thumbnail","hentry","category-kombetare"],"_links":{"self":[{"href":"https:\/\/prizrenpost.com\/al\/wp-json\/wp\/v2\/posts\/23109","targetHints":{"allow":["GET"]}}],"collection":[{"href":"https:\/\/prizrenpost.com\/al\/wp-json\/wp\/v2\/posts"}],"about":[{"href":"https:\/\/prizrenpost.com\/al\/wp-json\/wp\/v2\/types\/post"}],"author":[{"embeddable":true,"href":"https:\/\/prizrenpost.com\/al\/wp-json\/wp\/v2\/users\/1"}],"replies":[{"embeddable":true,"href":"https:\/\/prizrenpost.com\/al\/wp-json\/wp\/v2\/comments?post=23109"}],"version-history":[{"count":0,"href":"https:\/\/prizrenpost.com\/al\/wp-json\/wp\/v2\/posts\/23109\/revisions"}],"wp:featuredmedia":[{"embeddable":true,"href":"https:\/\/prizrenpost.com\/al\/wp-json\/wp\/v2\/media\/23110"}],"wp:attachment":[{"href":"https:\/\/prizrenpost.com\/al\/wp-json\/wp\/v2\/media?parent=23109"}],"wp:term":[{"taxonomy":"category","embeddable":true,"href":"https:\/\/prizrenpost.com\/al\/wp-json\/wp\/v2\/categories?post=23109"},{"taxonomy":"post_tag","embeddable":true,"href":"https:\/\/prizrenpost.com\/al\/wp-json\/wp\/v2\/tags?post=23109"}],"curies":[{"name":"wp","href":"https:\/\/api.w.org\/{rel}","templated":true}]}}