{"id":29268,"date":"2017-01-11T15:49:07","date_gmt":"2017-01-11T14:49:07","guid":{"rendered":"https:\/\/prizrenpost.com\/al\/?p=29268"},"modified":"2017-03-19T13:14:09","modified_gmt":"2017-03-19T12:14:09","slug":"ahmed-huseen-i-cili-ne-kanada-mberriti-si-refugjat-behet-minister","status":"publish","type":"post","link":"https:\/\/prizrenpost.com\/al\/ahmed-huseen-i-cili-ne-kanada-mberriti-si-refugjat-behet-minister\/","title":{"rendered":"Ahmed Huseen i cili n\u00eb Kanada mb\u00ebrriti si refugjat, b\u00ebhet minist\u00ebr"},"content":{"rendered":"<p><img decoding=\"async\" src=\"https:\/\/prizrenpost.com\/al\/wp-content\/uploads\/2017\/01\/canada.jpg\" alt=\"\" width=\"100%\" height=\"\" class=\"alignleft size-full wp-image-29269\" srcset=\"https:\/\/prizrenpost.com\/al\/wp-content\/uploads\/2017\/01\/canada.jpg 863w, https:\/\/prizrenpost.com\/al\/wp-content\/uploads\/2017\/01\/canada-300x169.jpg 300w, https:\/\/prizrenpost.com\/al\/wp-content\/uploads\/2017\/01\/canada-768x433.jpg 768w\" sizes=\"(max-width: 863px) 100vw, 863px\" \/><\/p>\n<p><strong>Ottawa &#8211; Dyzet-vje\u00e7ari Ahmed Hussen i cili n\u00eb mosh\u00ebn 16-vje\u00e7are kishte ikur nga Somalia, pasi q\u00eb vendi i tij ishte p\u00ebrfshir\u00eb nga lufta, si refugjat mb\u00ebrriti n\u00eb Kanada, sot u em\u00ebrua Minist\u00ebr p\u00ebr Imigrim, Refugjat\u00eb dhe Shtet\u00ebsi i Kanadas\u00eb, raporton Anadolu Agency.<\/strong><\/p>\n<p>Somalezi Hussen, aktivist politik dhe avokati, p\u00ebr minist\u00ebr u em\u00ebrua sot n\u00eb Ottawa nga kryeministri kanadez, Justin Trudeau.<\/p>\n<p>&#8220;Historia e Kanadas\u00eb \u00ebsht\u00eb historia e emigracionit, ve\u00e7an\u00ebrisht ndihem krenar q\u00eb kryeministri Trudeau m\u00eb besoi k\u00ebt\u00eb post&#8221;, tha Hussen.<\/p>\n<p>Hussein ka lindur n\u00eb Somali n\u00eb vitin 1976, nga e cila, p\u00ebr shkak t\u00eb luft\u00ebs n\u00eb vitin 1993, si 16-vje\u00e7ar emigroi n\u00eb Kanada dhe u vendos n\u00eb Toronto.<\/p>\n<p>N\u00eb vjesht\u00ebn e vitit 2001, Hussen filloi karrier\u00ebn e tij politike si vullnetar n\u00eb kuvendin legjislativ t\u00eb Ontarios, pas s\u00eb cil\u00ebs n\u00eb vitin e ardhsh\u00ebm u b\u00eb asistent i Dalton McGuinty, ish-liderit t\u00eb opozit\u00ebs krahinore.<\/p>\n<p>N\u00eb k\u00ebt\u00eb pozit\u00eb q\u00ebndroi deri n\u00eb n\u00ebntor t\u00eb vitit 2003, kur u gradua n\u00eb asistent special t\u00eb zyrtarit t\u00eb Partis\u00eb Liberale, dhe ishte ngarkuar p\u00ebr \u00e7\u00ebshtje t\u00eb menaxhimit, politikave dhe komunikimit.<\/p>\n<p>P\u00ebr shkak angazhimit t\u00eb tij social, autoritetet e Torontos n\u00eb vitin 2004 e shpall\u00ebn nj\u00eb nga 10 personat t\u00eb cil\u00ebt kan\u00eb dh\u00ebn\u00eb kontribut t\u00eb r\u00ebnd\u00ebsish\u00ebm p\u00ebr komunitetin.<\/p>\n<p>N\u00eb vitin 2014 u b\u00eb somalezi i par\u00eb i cili u zgjodh n\u00eb Parlamentin kanadez. N\u00eb angazhimin e tij politik Hussen me vite ka mbrojtur t\u00eb drejtat e refugjat\u00ebve dhe barazin\u00eb e t\u00eb gjith\u00eb qytetar\u00ebve.<\/p>\n<p>Kanadaja vitin e kaluar ka pranuar gjithsej 300 mij\u00eb emigrant\u00eb, aq sa planifikon t\u00eb pranojn\u00eb edhe k\u00ebt\u00eb vit.<\/p>\n","protected":false},"excerpt":{"rendered":"<p>Ottawa &#8211; Dyzet-vje\u00e7ari Ahmed Hussen i cili n\u00eb mosh\u00ebn 16-vje\u00e7are kishte ikur nga Somalia, pasi q\u00eb vendi i tij ishte p\u00ebrfshir\u00eb nga lufta, si refugjat mb\u00ebrriti n\u00eb Kanada, sot u em\u00ebrua Minist\u00ebr p\u00ebr Imigrim, Refugjat\u00eb dhe Shtet\u00ebsi i Kanadas\u00eb, raporton Anadolu Agency. Somalezi Hussen, aktivist politik dhe avokati, p\u00ebr minist\u00ebr u em\u00ebrua sot n\u00eb Ottawa [&hellip;]<\/p>\n","protected":false},"author":1,"featured_media":29269,"comment_status":"open","ping_status":"open","sticky":false,"template":"","format":"standard","meta":{"footnotes":""},"categories":[24],"tags":[2179],"class_list":["post-29268","post","type-post","status-publish","format-standard","has-post-thumbnail","hentry","category-bote","tag-kanada"],"_links":{"self":[{"href":"https:\/\/prizrenpost.com\/al\/wp-json\/wp\/v2\/posts\/29268","targetHints":{"allow":["GET"]}}],"collection":[{"href":"https:\/\/prizrenpost.com\/al\/wp-json\/wp\/v2\/posts"}],"about":[{"href":"https:\/\/prizrenpost.com\/al\/wp-json\/wp\/v2\/types\/post"}],"author":[{"embeddable":true,"href":"https:\/\/prizrenpost.com\/al\/wp-json\/wp\/v2\/users\/1"}],"replies":[{"embeddable":true,"href":"https:\/\/prizrenpost.com\/al\/wp-json\/wp\/v2\/comments?post=29268"}],"version-history":[{"count":0,"href":"https:\/\/prizrenpost.com\/al\/wp-json\/wp\/v2\/posts\/29268\/revisions"}],"wp:featuredmedia":[{"embeddable":true,"href":"https:\/\/prizrenpost.com\/al\/wp-json\/wp\/v2\/media\/29269"}],"wp:attachment":[{"href":"https:\/\/prizrenpost.com\/al\/wp-json\/wp\/v2\/media?parent=29268"}],"wp:term":[{"taxonomy":"category","embeddable":true,"href":"https:\/\/prizrenpost.com\/al\/wp-json\/wp\/v2\/categories?post=29268"},{"taxonomy":"post_tag","embeddable":true,"href":"https:\/\/prizrenpost.com\/al\/wp-json\/wp\/v2\/tags?post=29268"}],"curies":[{"name":"wp","href":"https:\/\/api.w.org\/{rel}","templated":true}]}}