{"id":29287,"date":"2017-01-13T23:46:57","date_gmt":"2017-01-13T22:46:57","guid":{"rendered":"https:\/\/prizrenpost.com\/al\/?p=29287"},"modified":"2017-03-19T13:10:58","modified_gmt":"2017-03-19T12:10:58","slug":"digjet-xhamia-ne-drenoc-te-decanit","status":"publish","type":"post","link":"https:\/\/prizrenpost.com\/al\/digjet-xhamia-ne-drenoc-te-decanit\/","title":{"rendered":"Digjet xhamia n\u00eb Drenoc t\u00eb De\u00e7anit"},"content":{"rendered":"<p><img decoding=\"async\" src=\"https:\/\/prizrenpost.com\/al\/wp-content\/uploads\/2017\/01\/decan.jpg\" alt=\"\" width=\"100%\" height=\"\" class=\"alignleft size-full wp-image-29289\" srcset=\"https:\/\/prizrenpost.com\/al\/wp-content\/uploads\/2017\/01\/decan.jpg 810w, https:\/\/prizrenpost.com\/al\/wp-content\/uploads\/2017\/01\/decan-300x185.jpg 300w, https:\/\/prizrenpost.com\/al\/wp-content\/uploads\/2017\/01\/decan-768x474.jpg 768w\" sizes=\"(max-width: 810px) 100vw, 810px\" \/><\/p>\n<p><strong>De\u00e7an &#8211; Rreth or\u00ebs 21:-00 e ka kapluar zjarri xhamin\u00eb n\u00eb Drenoc t\u00eb De\u00e7anit.<\/strong><\/p>\n<p>K\u00ebshtu ka konfirmuar p\u00ebr Koha.net z\u00ebdh\u00ebn\u00ebsi i Policis\u00eb s\u00eb Kosov\u00ebs p\u00ebr rajonin e Pej\u00ebs, Xhevat Ibraj.<\/p>\n<p>Ai ka th\u00ebn\u00eb se nuk ka detaje t\u00eb tjera se si ka ardhur deri te djegia e xhamis\u00eb, nd\u00ebrsa ka th\u00ebn\u00eb se rasti \u00ebsht\u00eb duke u hetuar.<\/p>\n<p>\u201cMund t\u00eb konfirmoj se xhamia n\u00eb Drenoc t\u00eb De\u00e7anit \u00ebsht\u00eb djegur, detaje t\u00eb tjera momentalisht nuk kam. Policia \u00ebsht\u00eb duke e hetuar rastin\u201d, ka th\u00ebn\u00eb ai.<\/p>\n<p>[youtube Aul6P5aqHDE]<\/p>\n","protected":false},"excerpt":{"rendered":"<p>De\u00e7an &#8211; Rreth or\u00ebs 21:-00 e ka kapluar zjarri xhamin\u00eb n\u00eb Drenoc t\u00eb De\u00e7anit. K\u00ebshtu ka konfirmuar p\u00ebr Koha.net z\u00ebdh\u00ebn\u00ebsi i Policis\u00eb s\u00eb Kosov\u00ebs p\u00ebr rajonin e Pej\u00ebs, Xhevat Ibraj. Ai ka th\u00ebn\u00eb se nuk ka detaje t\u00eb tjera se si ka ardhur deri te djegia e xhamis\u00eb, nd\u00ebrsa ka th\u00ebn\u00eb se rasti \u00ebsht\u00eb duke [&hellip;]<\/p>\n","protected":false},"author":1,"featured_media":29289,"comment_status":"open","ping_status":"open","sticky":false,"template":"","format":"standard","meta":{"footnotes":""},"categories":[17],"tags":[2350,3751,3752],"class_list":["post-29287","post","type-post","status-publish","format-standard","has-post-thumbnail","hentry","category-kronike","tag-decan","tag-digjet-xhamia","tag-drenoc"],"_links":{"self":[{"href":"https:\/\/prizrenpost.com\/al\/wp-json\/wp\/v2\/posts\/29287","targetHints":{"allow":["GET"]}}],"collection":[{"href":"https:\/\/prizrenpost.com\/al\/wp-json\/wp\/v2\/posts"}],"about":[{"href":"https:\/\/prizrenpost.com\/al\/wp-json\/wp\/v2\/types\/post"}],"author":[{"embeddable":true,"href":"https:\/\/prizrenpost.com\/al\/wp-json\/wp\/v2\/users\/1"}],"replies":[{"embeddable":true,"href":"https:\/\/prizrenpost.com\/al\/wp-json\/wp\/v2\/comments?post=29287"}],"version-history":[{"count":0,"href":"https:\/\/prizrenpost.com\/al\/wp-json\/wp\/v2\/posts\/29287\/revisions"}],"wp:featuredmedia":[{"embeddable":true,"href":"https:\/\/prizrenpost.com\/al\/wp-json\/wp\/v2\/media\/29289"}],"wp:attachment":[{"href":"https:\/\/prizrenpost.com\/al\/wp-json\/wp\/v2\/media?parent=29287"}],"wp:term":[{"taxonomy":"category","embeddable":true,"href":"https:\/\/prizrenpost.com\/al\/wp-json\/wp\/v2\/categories?post=29287"},{"taxonomy":"post_tag","embeddable":true,"href":"https:\/\/prizrenpost.com\/al\/wp-json\/wp\/v2\/tags?post=29287"}],"curies":[{"name":"wp","href":"https:\/\/api.w.org\/{rel}","templated":true}]}}