{"id":29311,"date":"2017-01-15T14:41:06","date_gmt":"2017-01-15T13:41:06","guid":{"rendered":"https:\/\/prizrenpost.com\/al\/?p=29311"},"modified":"2017-03-19T13:08:49","modified_gmt":"2017-03-19T12:08:49","slug":"18-vjet-nga-masakra-e-recakut","status":"publish","type":"post","link":"https:\/\/prizrenpost.com\/al\/18-vjet-nga-masakra-e-recakut\/","title":{"rendered":"18 vjet nga masakra e Re\u00e7akut"},"content":{"rendered":"<p><img decoding=\"async\" src=\"https:\/\/prizrenpost.com\/al\/wp-content\/uploads\/2017\/01\/recaku-780x439.jpg\" alt=\"\" width=\"100%\" height=\"\" class=\"alignleft size-full wp-image-29312\" srcset=\"https:\/\/prizrenpost.com\/al\/wp-content\/uploads\/2017\/01\/recaku-780x439.jpg 780w, https:\/\/prizrenpost.com\/al\/wp-content\/uploads\/2017\/01\/recaku-780x439-300x169.jpg 300w, https:\/\/prizrenpost.com\/al\/wp-content\/uploads\/2017\/01\/recaku-780x439-768x432.jpg 768w\" sizes=\"(max-width: 780px) 100vw, 780px\" \/><\/p>\n<p><strong>\u201cKujdes n\u00ebn\u00eb, ata do t\u00eb vrasin\u201d, ishin fjal\u00ebt e fundit t\u00eb Halim Beqirit, 12 vje\u00e7ar. Nj\u00eb plumb e goditi pas qafe. Kishte gjak n\u00eb goj\u00eb. Isha dy metra larg. Serb\u00ebt shtinin nga t\u00eb gjitha an\u00ebt. Nuk mund t\u00eb afrohesha Ata vran\u00eb edhe burrin tim. Ai ishte pran\u00eb djalit ton\u00eb\u201d, ka rr\u00ebfyer n\u00ebna e tij Ema p\u00ebr t\u00eb d\u00ebrguarin special t\u00eb gazet\u00ebs \u201cLiberation\u201d, n\u00eb Kosov\u00eb, gazetarin Pier Azan.<\/strong><\/p>\n<p>K\u00ebshtu Azan n\u00eb at\u00eb koh\u00eb nisi artikullin kushtuar masakr\u00ebs s\u00eb Re\u00e7akut me titull \u201cIshim t\u00eb sigurt se t\u00eb gjith\u00eb do t\u00eb vdesim\u201d, kishte sjell edhe rr\u00ebfimin e Azemit, nj\u00eb burr\u00eb rreth t\u00eb dyzetave p\u00ebr masakr\u00ebn q\u00eb ndodhi n\u00eb Re\u00e7ak.<\/p>\n<p>\u201cBurrat u ndan\u00eb n\u00eb disa grupe. Nja 29 veta u d\u00ebrguan mbi fshat. Na than\u00eb se do na \u00e7onin n\u00eb stacionin policor. Por d\u00ebgjoheshin krisma n\u00eb t\u00eb kat\u00ebr an\u00ebt. Pjesa tjet\u00ebr e grupit u d\u00ebrgua n\u00eb p\u00ebrrua. Polic\u00ebt serb i prisnin q\u00eb t\u2019i vrisnin. T\u00eb shtun\u00ebn, trupat e k\u00ebtyre 20 burrave ishin ende nj\u00ebri mbi tjetrin, n\u00eb pozicionin q\u00eb ishin vrar\u00eb. Ishin ekzekutuar nga af\u00ebr. Nj\u00eb vdekje e p\u00ebrgatitur dhe e ekzekutuar me gjakftoht\u00ebsi. N\u00eb or\u00ebn 17:00 serb\u00ebt u t\u00ebrhoq\u00ebn. T\u00eb mbijetuarit filluan t\u00eb l\u00ebvizin. Nj\u00eb nga sht\u00ebpit\u00eb e para t\u00eb fshatit, af\u00ebr xhamis\u00eb, ishte ajo e Banush Azem Kamberit, 62 vje\u00e7ar. Kufoma e tij pa kok\u00eb ishte pran\u00eb sht\u00ebpis\u00eb s\u00eb tij. V\u00ebllau i tij, Bedriu, 55 vje\u00e7ar, k\u00ebrkonte kok\u00ebn. Fshatar\u00ebt e gjet\u00ebn m\u00eb von\u00eb\u201d, vazhdonte rr\u00ebfimin Azemi.<\/p>\n<p>Kurse, n\u00eb artikullin tjet\u00ebr me titull \u201cMasakra e Re\u00e7akut, rr\u00ebfimi i nj\u00eb d\u00ebshmitari \u00e7el\u00ebs\u201d, gazetari Pier Azan, sjell d\u00ebshmin\u00eb e nj\u00eb v\u00ebzhguesi t\u00eb OSBE-s\u00eb, q\u00eb gazetari e paraqiti n\u00eb at\u00eb koh\u00eb me emrin Mike.<\/p>\n<p>\u201cRreth or\u00ebs 15:45, forcat serbe u larguan nga fshati dhe ne vendos\u00ebm t\u00eb hynim n\u00eb Re\u00e7ak. Nj\u00eb duzin\u00eb civil\u00ebsh ishin aty n\u00eb nj\u00eb gjendje trondit\u00ebse. Nj\u00ebri nga ta na zgjati di\u00e7ka, nj\u00ebri nga njer\u00ebzit e mi e mori. Papritmas konstatuam se ishte pjes\u00eb kafke. P\u00ebrkthyesi yn\u00eb na shpjegoi se ky njeri sapo kishte gjetur kufom\u00ebn e v\u00ebllaut t\u00eb vet, me kok\u00eb t\u00eb cop\u00ebtuar. Ne pam\u00eb nj\u00eb trup. Plumbi i kishte krisur mbi kok\u00eb dhe t\u00ebr\u00eb kafka ishte cop\u00ebtuar. Fshatar\u00ebt na than\u00eb se nja 20 burra ishin arrestuar. Nj\u00eb grua na tha se burrat ishin d\u00ebrguar p\u00ebr ekzekutim\u201d, rr\u00ebfente n\u00eb at\u00eb koh\u00eb v\u00ebzhguesi i OSBE-s\u00eb.<\/p>\n<p>Gazetari vazhdonte rr\u00ebfimin duke th\u00ebn\u00eb se ata jan\u00eb kthyer n\u00eb Re\u00e7ak edhe t\u00eb nes\u00ebrmen n\u00eb m\u00ebngjes, kurse pasdite aty ka arritur gjenerali William Walker, shef i Misionit t\u00eb OSBE-s\u00eb, i cili me t\u2019u kthyer n\u00eb Prishtin\u00eb n\u00eb nj\u00eb konferenc\u00eb p\u00ebr media tha se \u201cun\u00eb i akuzoj forcat policore dhe ushtarake serbe se jan\u00eb p\u00ebrgjegj\u00ebs p\u00ebr k\u00ebt\u00eb masak\u00ebr. Para disa dit\u00ebsh, U\u00c7K-ja liroi 8 ushtar\u00eb serb\u00eb. Prisnim nj\u00eb mas\u00eb reciprociteti. Ecka kemi n\u00eb vend t\u00eb saj ? Vrasje t\u00eb 40 civil\u00ebve t\u00eb pafajsh\u00ebm. D\u00ebshiroj t\u00eb di se kush ka dh\u00ebn\u00eb urdh\u00ebr. Duhet t\u00eb dalin para drejt\u00ebsis\u00eb. Nuk jam jurist, por, sipas meje, k\u00ebtu ka ndodhur nj\u00eb krim kund\u00ebr njerizimit\u201d, ka th\u00ebn\u00eb Walker.<\/p>\n<p>M\u00eb 15 Janar 1999, n\u00eb k\u00ebt\u00eb dit\u00eb t\u00eb kobshme, n\u00eb Re\u00e7ak u vran\u00eb e u masakruan barbarisht 45 shqiptar\u00eb t\u00eb paarmatosur, n\u00eb mesin e t\u00eb cil\u00ebve ishte edhe nj\u00eb grua.<\/p>\n<p>Qeveria e Serbis\u00eb n\u00eb mbledhjen e saj t\u00eb jasht\u00ebzakonshme, m\u00eb 17 janar 1999, shpalli Walker-in \u201cperson nongrata\u201d, dhe i dha nj\u00eb afat prej 48 or\u00ebve p\u00ebr t\u2019u larguar nga Jugosllavia.<\/p>\n<p>Kjo masak\u00ebr ngjalli reagimet e nj\u00ebpasnj\u00ebshme t\u00eb bashk\u00ebsis\u00eb nd\u00ebrkomb\u00ebtare q\u00eb propozuan nj\u00eb konferenc\u00eb p\u00ebr Kosov\u00ebn dhe q\u00eb p\u00ebrfunduan me nd\u00ebrhyrjen e NATO-s\u00eb.<\/p>\n<p>Dje n\u00eb Kompleksin P\u00ebrkujtimor t\u00eb Re\u00e7akut u zbulua shtatorja e mikut t\u00eb shqiptar\u00ebve ish-ambasadorit, William Woker, i cili para 18 vjet\u00ebsh sensibilizoi bot\u00ebn p\u00ebr masakr\u00ebn q\u00eb kishte ndodhur n\u00eb Re\u00e7ak, e cila ishte nj\u00ebri nga shkaktar\u00ebt kryesor p\u00ebr nisjen e p\u00ebrgatitjeve p\u00ebr bombardimin e caqeve serbe. \/kp\/<\/p>\n","protected":false},"excerpt":{"rendered":"<p>\u201cKujdes n\u00ebn\u00eb, ata do t\u00eb vrasin\u201d, ishin fjal\u00ebt e fundit t\u00eb Halim Beqirit, 12 vje\u00e7ar. Nj\u00eb plumb e goditi pas qafe. Kishte gjak n\u00eb goj\u00eb. Isha dy metra larg. Serb\u00ebt shtinin nga t\u00eb gjitha an\u00ebt. Nuk mund t\u00eb afrohesha Ata vran\u00eb edhe burrin tim. Ai ishte pran\u00eb djalit ton\u00eb\u201d, ka rr\u00ebfyer n\u00ebna e tij Ema [&hellip;]<\/p>\n","protected":false},"author":1,"featured_media":29312,"comment_status":"open","ping_status":"open","sticky":false,"template":"","format":"standard","meta":{"footnotes":""},"categories":[14,4],"tags":[1290],"class_list":["post-29311","post","type-post","status-publish","format-standard","has-post-thumbnail","hentry","category-kombetare","category-kulture","tag-masakra-e-recakut"],"_links":{"self":[{"href":"https:\/\/prizrenpost.com\/al\/wp-json\/wp\/v2\/posts\/29311","targetHints":{"allow":["GET"]}}],"collection":[{"href":"https:\/\/prizrenpost.com\/al\/wp-json\/wp\/v2\/posts"}],"about":[{"href":"https:\/\/prizrenpost.com\/al\/wp-json\/wp\/v2\/types\/post"}],"author":[{"embeddable":true,"href":"https:\/\/prizrenpost.com\/al\/wp-json\/wp\/v2\/users\/1"}],"replies":[{"embeddable":true,"href":"https:\/\/prizrenpost.com\/al\/wp-json\/wp\/v2\/comments?post=29311"}],"version-history":[{"count":0,"href":"https:\/\/prizrenpost.com\/al\/wp-json\/wp\/v2\/posts\/29311\/revisions"}],"wp:featuredmedia":[{"embeddable":true,"href":"https:\/\/prizrenpost.com\/al\/wp-json\/wp\/v2\/media\/29312"}],"wp:attachment":[{"href":"https:\/\/prizrenpost.com\/al\/wp-json\/wp\/v2\/media?parent=29311"}],"wp:term":[{"taxonomy":"category","embeddable":true,"href":"https:\/\/prizrenpost.com\/al\/wp-json\/wp\/v2\/categories?post=29311"},{"taxonomy":"post_tag","embeddable":true,"href":"https:\/\/prizrenpost.com\/al\/wp-json\/wp\/v2\/tags?post=29311"}],"curies":[{"name":"wp","href":"https:\/\/api.w.org\/{rel}","templated":true}]}}