{"id":29382,"date":"2017-01-18T19:32:21","date_gmt":"2017-01-18T18:32:21","guid":{"rendered":"https:\/\/prizrenpost.com\/al\/?p=29382"},"modified":"2017-03-19T12:50:18","modified_gmt":"2017-03-19T11:50:18","slug":"modele-te-reja-e-me-te-avancuara-te-macbook-pro-nga-apple","status":"publish","type":"post","link":"https:\/\/prizrenpost.com\/al\/modele-te-reja-e-me-te-avancuara-te-macbook-pro-nga-apple\/","title":{"rendered":"Modele t\u00eb reja e m\u00eb t\u00eb avancuara t\u00eb MacBook Pro nga Apple"},"content":{"rendered":"<p><img decoding=\"async\" src=\"https:\/\/prizrenpost.com\/al\/wp-content\/uploads\/2017\/01\/macbook-pro-explosions-800x369.jpg\" alt=\"\" width=\"100%\" height=\"\" class=\"alignleft size-full wp-image-29383\" srcset=\"https:\/\/prizrenpost.com\/al\/wp-content\/uploads\/2017\/01\/macbook-pro-explosions-800x369.jpg 800w, https:\/\/prizrenpost.com\/al\/wp-content\/uploads\/2017\/01\/macbook-pro-explosions-800x369-300x138.jpg 300w, https:\/\/prizrenpost.com\/al\/wp-content\/uploads\/2017\/01\/macbook-pro-explosions-800x369-768x354.jpg 768w\" sizes=\"(max-width: 800px) 100vw, 800px\" \/><\/p>\n<p><strong>Apple l\u00ebshuar modelet e reja t\u00eb laptop\u00ebve MacBook Pro n\u00eb n\u00ebntor t\u00eb vitit t\u00eb kaluar dhe tani duket se kompania do t\u00eb l\u00ebshoj\u00eb disa modele m\u00eb shum\u00eb k\u00ebt\u00eb vit dhe ata do t\u00eb jen\u00eb modelet m\u00eb t\u00eb avancuara t\u00eb k\u00ebtyre laptop\u00ebve.<\/strong><\/p>\n<p>Lajmi vjen nga analisti i KGI Securities Ming Chi Kuo i cili ka th\u00ebn\u00eb se Apple do t\u00eb nxjerr\u00eb nj\u00eb s\u00ebr\u00eb modelesh n\u00eb linj\u00ebn Pro t\u00eb MacBook k\u00ebt\u00eb vit me procesor\u00eb Kaby Lake nga Intel.<\/p>\n<p>Ne mund t\u00eb presim modele t\u00eb reja t\u00eb laptop\u00ebve me ekranin prej 12 in\u00e7 n\u00eb mars ose prill dhe gjithashtu disa modele tjera t\u00eb reja n\u00eb 13 dhe 15 in\u00e7 m\u00eb von\u00eb gjat\u00eb vitit. MacBook Pro i ri me 15 in\u00e7 duket se do t\u00eb marr\u00eb disa p\u00ebrmir\u00ebsime serioze dhe kjo do t\u00eb p\u00ebrfshij\u00eb nj\u00eb mund\u00ebsi q\u00eb t\u00eb ket\u00eb 32GB RAM memorie.<\/p>\n<p>Dizajni i k\u00ebtyre modeleve t\u00eb reja t\u00eb MacBook duket do t\u00eb jet\u00eb shum\u00eb i ngjash\u00ebm me  modelet e 2016.<\/p>\n","protected":false},"excerpt":{"rendered":"<p>Apple l\u00ebshuar modelet e reja t\u00eb laptop\u00ebve MacBook Pro n\u00eb n\u00ebntor t\u00eb vitit t\u00eb kaluar dhe tani duket se kompania do t\u00eb l\u00ebshoj\u00eb disa modele m\u00eb shum\u00eb k\u00ebt\u00eb vit dhe ata do t\u00eb jen\u00eb modelet m\u00eb t\u00eb avancuara t\u00eb k\u00ebtyre laptop\u00ebve. Lajmi vjen nga analisti i KGI Securities Ming Chi Kuo i cili ka th\u00ebn\u00eb [&hellip;]<\/p>\n","protected":false},"author":1,"featured_media":29383,"comment_status":"open","ping_status":"open","sticky":false,"template":"","format":"standard","meta":{"footnotes":""},"categories":[6],"tags":[1214,1949],"class_list":["post-29382","post","type-post","status-publish","format-standard","has-post-thumbnail","hentry","category-teknologji","tag-apple","tag-macbook-pro"],"_links":{"self":[{"href":"https:\/\/prizrenpost.com\/al\/wp-json\/wp\/v2\/posts\/29382","targetHints":{"allow":["GET"]}}],"collection":[{"href":"https:\/\/prizrenpost.com\/al\/wp-json\/wp\/v2\/posts"}],"about":[{"href":"https:\/\/prizrenpost.com\/al\/wp-json\/wp\/v2\/types\/post"}],"author":[{"embeddable":true,"href":"https:\/\/prizrenpost.com\/al\/wp-json\/wp\/v2\/users\/1"}],"replies":[{"embeddable":true,"href":"https:\/\/prizrenpost.com\/al\/wp-json\/wp\/v2\/comments?post=29382"}],"version-history":[{"count":0,"href":"https:\/\/prizrenpost.com\/al\/wp-json\/wp\/v2\/posts\/29382\/revisions"}],"wp:featuredmedia":[{"embeddable":true,"href":"https:\/\/prizrenpost.com\/al\/wp-json\/wp\/v2\/media\/29383"}],"wp:attachment":[{"href":"https:\/\/prizrenpost.com\/al\/wp-json\/wp\/v2\/media?parent=29382"}],"wp:term":[{"taxonomy":"category","embeddable":true,"href":"https:\/\/prizrenpost.com\/al\/wp-json\/wp\/v2\/categories?post=29382"},{"taxonomy":"post_tag","embeddable":true,"href":"https:\/\/prizrenpost.com\/al\/wp-json\/wp\/v2\/tags?post=29382"}],"curies":[{"name":"wp","href":"https:\/\/api.w.org\/{rel}","templated":true}]}}