{"id":29388,"date":"2017-01-19T23:30:28","date_gmt":"2017-01-19T22:30:28","guid":{"rendered":"https:\/\/prizrenpost.com\/al\/?p=29388"},"modified":"2017-03-19T12:49:34","modified_gmt":"2017-03-19T11:49:34","slug":"qosja-shqiperia-dhe-kosova-do-te-bashkohen-por-veriu-te-jepet-per-luginen-e-presheves","status":"publish","type":"post","link":"https:\/\/prizrenpost.com\/al\/qosja-shqiperia-dhe-kosova-do-te-bashkohen-por-veriu-te-jepet-per-luginen-e-presheves\/","title":{"rendered":"Qosja: Shqip\u00ebria dhe Kosova do t\u00eb bashkohen por Veriu t\u00eb jepet p\u00ebr Lugin\u00ebn e Preshev\u00ebs"},"content":{"rendered":"<p><img decoding=\"async\" src=\"https:\/\/prizrenpost.com\/al\/wp-content\/uploads\/2017\/01\/qosja.jpg\" alt=\"\" width=\"100%\" height=\"\" class=\"alignleft size-full wp-image-29389\" srcset=\"https:\/\/prizrenpost.com\/al\/wp-content\/uploads\/2017\/01\/qosja.jpg 780w, https:\/\/prizrenpost.com\/al\/wp-content\/uploads\/2017\/01\/qosja-300x169.jpg 300w, https:\/\/prizrenpost.com\/al\/wp-content\/uploads\/2017\/01\/qosja-768x432.jpg 768w\" sizes=\"(max-width: 780px) 100vw, 780px\" \/><\/p>\n<p><strong>Prishtin\u00eb &#8211; Akademiku, shkrimtari dhe kritiku Rexhep Qosja, n\u00eb Zona e Debatit n\u00eb Klan Kosova, ka th\u00ebn\u00eb se do t\u00eb ishte i gatsh\u00ebm t\u00eb bisedonte me serb\u00ebt p\u00ebr \u00e7\u00ebshtjen e definimit t\u00eb kufijve.<\/strong><\/p>\n<p>Ai ka deklaruar se e vetmja rrug\u00eb p\u00ebr t\u00eb arritur tek nj\u00eb zgjidhje e q\u00ebndrueshme \u00ebsht\u00eb q\u00eb t\u00eb ket\u00eb shk\u00ebmbim territoresh me Serbin\u00eb.<\/p>\n<p>\u201c\u00c7\u00ebshtja serbe mund t\u00eb zgjidhet duke u shk\u00ebputur nj\u00eb pjes\u00eb e Kosov\u00ebs, veriut, dhe duke u bashkuar Lugina e Preshev\u00ebs me Kosov\u00ebn. Kjo nuk \u00ebsht\u00eb e leht\u00eb dhe ne mund t\u00eb mendojm\u00eb se Serbia nuk do t\u00eb pajtohet leht\u00eb. Por, \u00ebsht\u00eb koncept t\u00eb cilin ne duhet ta kemi p\u00ebrpara gjithnj\u00eb\u201d, ka th\u00ebn\u00eb ai.<\/p>\n<p>Sipas tij, tash p\u00ebr tash pajtimi i shqiptar\u00ebve dhe serb\u00ebve \u00ebsht\u00eb utopik dhe i pamundsh\u00ebm.<\/p>\n<p>\u201cAta nuk e heqin mendjen nga nj\u00eb koncept i para 300-400 vjet\u00ebve. Serbia sundohet nga njer\u00ebz q\u00eb jetojn\u00eb me mitologji\u201d, ka th\u00ebn\u00eb ai. \u201cShqip\u00ebria dhe Kosova do t\u00eb bashkohen. Si do t\u00eb zgjidhet problemi i veriut dhe Lugin\u00ebs s\u00eb Preshv\u00ebs varet nga ne dhe k\u00ebmb\u00ebngulja e men\u00e7uria jon\u00eb. Por, ne do t\u00eb bashkohemi\u201d.<\/p>\n","protected":false},"excerpt":{"rendered":"<p>Prishtin\u00eb &#8211; Akademiku, shkrimtari dhe kritiku Rexhep Qosja, n\u00eb Zona e Debatit n\u00eb Klan Kosova, ka th\u00ebn\u00eb se do t\u00eb ishte i gatsh\u00ebm t\u00eb bisedonte me serb\u00ebt p\u00ebr \u00e7\u00ebshtjen e definimit t\u00eb kufijve. Ai ka deklaruar se e vetmja rrug\u00eb p\u00ebr t\u00eb arritur tek nj\u00eb zgjidhje e q\u00ebndrueshme \u00ebsht\u00eb q\u00eb t\u00eb ket\u00eb shk\u00ebmbim territoresh me [&hellip;]<\/p>\n","protected":false},"author":1,"featured_media":29389,"comment_status":"open","ping_status":"open","sticky":false,"template":"","format":"standard","meta":{"footnotes":""},"categories":[14],"tags":[287,1334,370],"class_list":["post-29388","post","type-post","status-publish","format-standard","has-post-thumbnail","hentry","category-kombetare","tag-kosova","tag-rexhep-qosja","tag-shqiperia"],"_links":{"self":[{"href":"https:\/\/prizrenpost.com\/al\/wp-json\/wp\/v2\/posts\/29388","targetHints":{"allow":["GET"]}}],"collection":[{"href":"https:\/\/prizrenpost.com\/al\/wp-json\/wp\/v2\/posts"}],"about":[{"href":"https:\/\/prizrenpost.com\/al\/wp-json\/wp\/v2\/types\/post"}],"author":[{"embeddable":true,"href":"https:\/\/prizrenpost.com\/al\/wp-json\/wp\/v2\/users\/1"}],"replies":[{"embeddable":true,"href":"https:\/\/prizrenpost.com\/al\/wp-json\/wp\/v2\/comments?post=29388"}],"version-history":[{"count":0,"href":"https:\/\/prizrenpost.com\/al\/wp-json\/wp\/v2\/posts\/29388\/revisions"}],"wp:featuredmedia":[{"embeddable":true,"href":"https:\/\/prizrenpost.com\/al\/wp-json\/wp\/v2\/media\/29389"}],"wp:attachment":[{"href":"https:\/\/prizrenpost.com\/al\/wp-json\/wp\/v2\/media?parent=29388"}],"wp:term":[{"taxonomy":"category","embeddable":true,"href":"https:\/\/prizrenpost.com\/al\/wp-json\/wp\/v2\/categories?post=29388"},{"taxonomy":"post_tag","embeddable":true,"href":"https:\/\/prizrenpost.com\/al\/wp-json\/wp\/v2\/tags?post=29388"}],"curies":[{"name":"wp","href":"https:\/\/api.w.org\/{rel}","templated":true}]}}