{"id":29400,"date":"2017-01-21T15:04:06","date_gmt":"2017-01-21T14:04:06","guid":{"rendered":"https:\/\/prizrenpost.com\/al\/?p=29400"},"modified":"2017-03-19T12:47:51","modified_gmt":"2017-03-19T11:47:51","slug":"ndalimi-i-ramushit-ne-france-perpjekje-per-ta-ndalur-kosoven","status":"publish","type":"post","link":"https:\/\/prizrenpost.com\/al\/ndalimi-i-ramushit-ne-france-perpjekje-per-ta-ndalur-kosoven\/","title":{"rendered":"Ndalimi i Ramushit n\u00eb Franc\u00eb, p\u00ebrpjekje p\u00ebr ta ndalur Kosov\u00ebn"},"content":{"rendered":"<p><img decoding=\"async\" src=\"https:\/\/prizrenpost.com\/al\/wp-content\/uploads\/2017\/01\/proteste.jpg\" alt=\"\" width=\"100%\" height=\"\" class=\"alignleft size-full wp-image-29401\" srcset=\"https:\/\/prizrenpost.com\/al\/wp-content\/uploads\/2017\/01\/proteste.jpg 780w, https:\/\/prizrenpost.com\/al\/wp-content\/uploads\/2017\/01\/proteste-300x169.jpg 300w, https:\/\/prizrenpost.com\/al\/wp-content\/uploads\/2017\/01\/proteste-768x432.jpg 768w\" sizes=\"(max-width: 780px) 100vw, 780px\" \/><\/p>\n<p><strong>Prishtin\u00eb &#8211; Aleanca p\u00ebr Ardhm\u00ebrin\u00eb e Kosov\u00ebs, thot se dhjet\u00ebra mij\u00ebra qytetar\u00eb, nga t\u00eb gjitha viset shqiptare, sot jan\u00eb rreshtuar n\u00eb krah t\u00eb ish kryeministrit t\u00eb Kosov\u00ebs, Ramush Haradinajt, n\u00eb nj\u00eb protest\u00eb madh\u00ebshtore n\u00eb Prishtin\u00eb, nd\u00ebr m\u00eb t\u00eb m\u00ebdhat\u00eb t\u00eb mbajtura ndonj\u00ebher\u00eb.<\/strong><\/p>\n<p>\u201cE vler\u00ebsojm\u00eb madh\u00ebshtore k\u00ebt\u00eb protest\u00eb, p\u00ebr faktin se n\u00eb mb\u00ebshtetje t\u00eb Liderit Ramush Haradinaj, jan\u00eb v\u00ebn\u00eb qytetar\u00eb t\u00eb t\u00eb gjitha moshave e p\u00ebrcaktimeve politike e kulturore\u201d, thuhet n\u00eb kumtes\u00ebn e AAK-s\u00eb, transmeton Telegrafi.<\/p>\n<p>\u201cMesazhet e shpalosura n\u00eb protest\u00ebn e sotme, se ndalimi i Ramush Haradinajt n\u00eb Franc\u00eb, \u00ebsht\u00eb p\u00ebrpjekje p\u00ebr ta ndalur Kosov\u00ebn, se prekja e Ramush Haradinajt do t\u00eb thot\u00eb, me i prek\u00eb themelet e Kosov\u00ebs dhe se ndalja e tij \u00ebsht\u00eb politike dhe nuk ka t\u00eb b\u00ebj me drejt\u00ebsin\u00eb, sot jan\u00eb mesazhet e Kosov\u00ebs dhe t\u00eb qytetaris\u00eb s\u00eb saj!\u201d.<\/p>\n<p>\u201cAAK, u shpreh mir\u00ebnjohje t\u00eb gjith\u00eb pjes\u00ebmarr\u00ebsve n\u00eb protest\u00ebn e sotme n\u00eb Prishtin\u00eb e kudo tjet\u00ebr, dhe e vler\u00ebson lart dinjitetin e treguar n\u00eb kund\u00ebrshtim e ndalimit t\u00eb tij n\u00eb Franc\u00eb, dinjitet i cili e karakterizon m\u00eb shum\u00eb se k\u00ebdo tjet\u00ebr, vet\u00eb Kryetarin Haradinaj\u201d, p\u00ebrfundon kumtesa. <\/p>\n","protected":false},"excerpt":{"rendered":"<p>Prishtin\u00eb &#8211; Aleanca p\u00ebr Ardhm\u00ebrin\u00eb e Kosov\u00ebs, thot se dhjet\u00ebra mij\u00ebra qytetar\u00eb, nga t\u00eb gjitha viset shqiptare, sot jan\u00eb rreshtuar n\u00eb krah t\u00eb ish kryeministrit t\u00eb Kosov\u00ebs, Ramush Haradinajt, n\u00eb nj\u00eb protest\u00eb madh\u00ebshtore n\u00eb Prishtin\u00eb, nd\u00ebr m\u00eb t\u00eb m\u00ebdhat\u00eb t\u00eb mbajtura ndonj\u00ebher\u00eb. \u201cE vler\u00ebsojm\u00eb madh\u00ebshtore k\u00ebt\u00eb protest\u00eb, p\u00ebr faktin se n\u00eb mb\u00ebshtetje t\u00eb Liderit Ramush [&hellip;]<\/p>\n","protected":false},"author":1,"featured_media":29401,"comment_status":"open","ping_status":"open","sticky":false,"template":"","format":"standard","meta":{"footnotes":""},"categories":[14],"tags":[1377,1140],"class_list":["post-29400","post","type-post","status-publish","format-standard","has-post-thumbnail","hentry","category-kombetare","tag-france","tag-ramush-haradinaj"],"_links":{"self":[{"href":"https:\/\/prizrenpost.com\/al\/wp-json\/wp\/v2\/posts\/29400","targetHints":{"allow":["GET"]}}],"collection":[{"href":"https:\/\/prizrenpost.com\/al\/wp-json\/wp\/v2\/posts"}],"about":[{"href":"https:\/\/prizrenpost.com\/al\/wp-json\/wp\/v2\/types\/post"}],"author":[{"embeddable":true,"href":"https:\/\/prizrenpost.com\/al\/wp-json\/wp\/v2\/users\/1"}],"replies":[{"embeddable":true,"href":"https:\/\/prizrenpost.com\/al\/wp-json\/wp\/v2\/comments?post=29400"}],"version-history":[{"count":0,"href":"https:\/\/prizrenpost.com\/al\/wp-json\/wp\/v2\/posts\/29400\/revisions"}],"wp:featuredmedia":[{"embeddable":true,"href":"https:\/\/prizrenpost.com\/al\/wp-json\/wp\/v2\/media\/29401"}],"wp:attachment":[{"href":"https:\/\/prizrenpost.com\/al\/wp-json\/wp\/v2\/media?parent=29400"}],"wp:term":[{"taxonomy":"category","embeddable":true,"href":"https:\/\/prizrenpost.com\/al\/wp-json\/wp\/v2\/categories?post=29400"},{"taxonomy":"post_tag","embeddable":true,"href":"https:\/\/prizrenpost.com\/al\/wp-json\/wp\/v2\/tags?post=29400"}],"curies":[{"name":"wp","href":"https:\/\/api.w.org\/{rel}","templated":true}]}}