{"id":29423,"date":"2017-01-22T10:58:49","date_gmt":"2017-01-22T09:58:49","guid":{"rendered":"https:\/\/prizrenpost.com\/al\/?p=29423"},"modified":"2017-03-19T12:42:56","modified_gmt":"2017-03-19T11:42:56","slug":"marshimi-i-grave-kunder-presidentit-donald-trump","status":"publish","type":"post","link":"https:\/\/prizrenpost.com\/al\/marshimi-i-grave-kunder-presidentit-donald-trump\/","title":{"rendered":"&#8220;Marshimi i grave&#8221; kund\u00ebr presidentit Donald Trump"},"content":{"rendered":"<p><img decoding=\"async\" src=\"https:\/\/prizrenpost.com\/al\/wp-content\/uploads\/2017\/01\/grate-kunder-trump.jpg\" alt=\"\" width=\"100%\" height=\"\" class=\"alignleft size-full wp-image-29424\" srcset=\"https:\/\/prizrenpost.com\/al\/wp-content\/uploads\/2017\/01\/grate-kunder-trump.jpg 864w, https:\/\/prizrenpost.com\/al\/wp-content\/uploads\/2017\/01\/grate-kunder-trump-300x169.jpg 300w, https:\/\/prizrenpost.com\/al\/wp-content\/uploads\/2017\/01\/grate-kunder-trump-768x432.jpg 768w\" sizes=\"(max-width: 864px) 100vw, 864px\" \/><\/p>\n<p><strong>Washington &#8211; Qindra mij\u00ebra protestues kan\u00eb marr\u00eb pje\u00ebs n\u00eb &#8220;marshimin e grave&#8221; i cili \u00ebsht\u00eb mbajtur n\u00eb Washington kund\u00ebr presidentit amerikan, Donald Trump, raporton Anadolu Agency.<\/strong><\/p>\n<p>Protestuesit nga qytete t\u00eb ndryshme t\u00eb vendit jan\u00eb mbledhur n\u00eb Washington p\u00ebr t\u00eb kritikuar premtimet dhe retorikat q\u00eb Trump ka p\u00ebrdorur gjat\u00eb fushat\u00ebs. Mediat amerikane kan\u00eb raportuar se numri i pjes\u00ebmarr\u00ebsve ka qen\u00eb nga 200 mij\u00eb deri n\u00eb 400 mij\u00eb protestues. <\/p>\n<p>Qytetar\u00ebt kan\u00eb nisur t\u00eb mblidhen p\u00ebrreth nd\u00ebrtes\u00ebs s\u00eb Kongresit duke hedhur slogane kund\u00ebr Trumpit me arsyetimin se gjat\u00eb fushat\u00ebs ka patur n\u00eb objektiv pakicat n\u00eb vend dhe grat\u00eb. <\/p>\n<p>Gloria Steinem, nj\u00eb prej organizatoreve t\u00eb protest\u00ebs n\u00eb fjalimin e saj \u00ebsht\u00eb shprehur se Trump nuk p\u00ebrfaq\u00ebson vlerat e SHBA-s\u00eb. Nd\u00ebr t\u00eb tjera Steinem duke kritikuar fjal\u00ebt q\u00eb Trump ka p\u00ebrdorur kund\u00ebr musliman\u00ebve, tha se n\u00ebse Trump do t\u00eb filloj\u00eb t\u00eb regjistroj\u00eb musliman\u00ebt ajo dhe shum\u00eb gra t\u00eb tjera do t\u00eb regjistrojn\u00eb veten e tyre si &#8220;muslimane&#8221;. <\/p>\n<p>N\u00eb protest\u00eb ka marr\u00eb pjes\u00eb edhe kryetarja e bashkis\u00eb s\u00eb Washington D.C. Muriel E. Bowser e cila \u00ebsht\u00eb nj\u00eb grua me ngjyr\u00eb. Ajo n\u00eb fjalimin e saj \u00ebsht\u00eb shprehur &#8220;\u00cbsht\u00eb shum\u00eb e v\u00ebshtir\u00eb t\u00eb arrihet nj\u00eb sukses pa u p\u00ebrballur me nj\u00eb diskriminim p\u00ebr shkak t\u00eb gjinis\u00eb. N\u00eb k\u00ebt\u00eb vend ka shum\u00eb shembuj t\u00eb k\u00ebsaj natyre.&#8221; <\/p>\n<p>Nd\u00ebrsa m\u00eb pas protestuesit n\u00ebn kontrollin e policis\u00eb kan\u00eb marshuar drejt Sht\u00ebpis\u00eb s\u00eb Bardh\u00eb duke mbajtur n\u00eb duar edhe pankarta me mbishkrimet si &#8220;Trump, Rusin\u00eb do ta b\u00ebj\u00eb s\u00ebrish t\u00eb madhe&#8221;, &#8220;Trump respekto t\u00eb drejtat e grave&#8221; dhe &#8220;Un\u00eb jam grua, un\u00eb jam drejt\u00ebsia&#8221;. <\/p>\n<p>Nd\u00ebrsa nj\u00eb nga protestuesit Kenneth Anderson, p\u00ebr gazetarin e AA-s\u00eb duke v\u00ebn\u00eb n\u00eb dukje se kan\u00eb dal\u00eb n\u00ebp\u00ebr rrug\u00eb p\u00ebr ti treguar t\u00eb gjith\u00eb bot\u00ebs se Trump nuk p\u00ebrfaq\u00ebson t\u00eb gjith\u00eb popullin amerikan, tha se &#8220;Shumica e amerikan\u00ebve nuk i mb\u00ebshtesin politikat e Trumpit. Q\u00ebndrimet e Trumpit jan\u00eb nj\u00eb k\u00ebrc\u00ebnim serioz p\u00ebr t\u00eb drejtat e njeriut n\u00eb SHBA.&#8221; <\/p>\n<p>Nj\u00eb tjet\u00ebr protestuese Alexis Meimar duke theksuar se nuk merret me politik\u00eb \u00ebsht\u00eb shprehur se &#8220;Si grua prania e Trump mua m\u00eb k\u00ebrc\u00ebnon. Ndodhem k\u00ebtu q\u00eb shqet\u00ebsimet dhe z\u00ebri im t\u00eb d\u00ebgjohet.&#8221; <\/p>\n<p>Krahas shum\u00eb aktivist\u00ebve dhe artist\u00ebve q\u00eb jetojn\u00eb n\u00eb SHBA, n\u00eb marshim ka marr\u00eb pjes\u00eb edhe ish- sekretari amerikan John Kerry i cili ka marshuar me turm\u00ebn duke dh\u00ebn\u00eb mb\u00ebshtetje protestuesve. <\/p>\n<p>B\u00ebhet e ditur se marshimi ka p\u00ebrfunduar para Sht\u00ebpis\u00eb s\u00eb Bardh\u00eb, dhe gjithashtu m\u00ebsohet se ndaj marshimit t\u00eb grave n\u00eb Washington kan\u00eb dh\u00ebn\u00eb mb\u00ebshtetje edhe dhjet\u00ebra mij\u00ebra protestues n\u00eb qytetet e tjera t\u00eb SHBA-s\u00eb si New York, Chicago, Los Angeles dhe Boston. <\/p>\n<p>Pritet q\u00eb protestat kund\u00ebr Trumpit t\u00eb vazhdojn\u00eb edhe p\u00ebr nj\u00eb koh\u00eb n\u00eb SHBA. <\/p>\n","protected":false},"excerpt":{"rendered":"<p>Washington &#8211; Qindra mij\u00ebra protestues kan\u00eb marr\u00eb pje\u00ebs n\u00eb &#8220;marshimin e grave&#8221; i cili \u00ebsht\u00eb mbajtur n\u00eb Washington kund\u00ebr presidentit amerikan, Donald Trump, raporton Anadolu Agency. Protestuesit nga qytete t\u00eb ndryshme t\u00eb vendit jan\u00eb mbledhur n\u00eb Washington p\u00ebr t\u00eb kritikuar premtimet dhe retorikat q\u00eb Trump ka p\u00ebrdorur gjat\u00eb fushat\u00ebs. Mediat amerikane kan\u00eb raportuar se numri [&hellip;]<\/p>\n","protected":false},"author":1,"featured_media":29424,"comment_status":"open","ping_status":"open","sticky":false,"template":"","format":"standard","meta":{"footnotes":""},"categories":[24],"tags":[821,3518,778],"class_list":["post-29423","post","type-post","status-publish","format-standard","has-post-thumbnail","hentry","category-bote","tag-donald-trump","tag-marshimi-i-grave","tag-shba"],"_links":{"self":[{"href":"https:\/\/prizrenpost.com\/al\/wp-json\/wp\/v2\/posts\/29423","targetHints":{"allow":["GET"]}}],"collection":[{"href":"https:\/\/prizrenpost.com\/al\/wp-json\/wp\/v2\/posts"}],"about":[{"href":"https:\/\/prizrenpost.com\/al\/wp-json\/wp\/v2\/types\/post"}],"author":[{"embeddable":true,"href":"https:\/\/prizrenpost.com\/al\/wp-json\/wp\/v2\/users\/1"}],"replies":[{"embeddable":true,"href":"https:\/\/prizrenpost.com\/al\/wp-json\/wp\/v2\/comments?post=29423"}],"version-history":[{"count":0,"href":"https:\/\/prizrenpost.com\/al\/wp-json\/wp\/v2\/posts\/29423\/revisions"}],"wp:featuredmedia":[{"embeddable":true,"href":"https:\/\/prizrenpost.com\/al\/wp-json\/wp\/v2\/media\/29424"}],"wp:attachment":[{"href":"https:\/\/prizrenpost.com\/al\/wp-json\/wp\/v2\/media?parent=29423"}],"wp:term":[{"taxonomy":"category","embeddable":true,"href":"https:\/\/prizrenpost.com\/al\/wp-json\/wp\/v2\/categories?post=29423"},{"taxonomy":"post_tag","embeddable":true,"href":"https:\/\/prizrenpost.com\/al\/wp-json\/wp\/v2\/tags?post=29423"}],"curies":[{"name":"wp","href":"https:\/\/api.w.org\/{rel}","templated":true}]}}