{"id":29503,"date":"2017-01-24T22:49:57","date_gmt":"2017-01-24T21:49:57","guid":{"rendered":"https:\/\/prizrenpost.com\/al\/?p=29503"},"modified":"2017-03-16T14:27:36","modified_gmt":"2017-03-16T13:27:36","slug":"arrestimi-politik-i-haradinajt-rezultat-i-bisedimeve-pa-kushte-me-serbine","status":"publish","type":"post","link":"https:\/\/prizrenpost.com\/al\/arrestimi-politik-i-haradinajt-rezultat-i-bisedimeve-pa-kushte-me-serbine\/","title":{"rendered":"Arrestimi politik i Haradinajt, rezultat i bisedimeve pa kushte me Serbin\u00eb"},"content":{"rendered":"<div id=\"attachment_29504\" style=\"width: 260px\" class=\"wp-caption alignleft\"><img loading=\"lazy\" decoding=\"async\" aria-describedby=\"caption-attachment-29504\" src=\"https:\/\/prizrenpost.com\/al\/wp-content\/uploads\/2017\/01\/foto-Gen-Kelmendi.jpg\" alt=\"\" width=\"250\" height=\"250\" class=\"size-full wp-image-29504\" srcset=\"https:\/\/prizrenpost.com\/al\/wp-content\/uploads\/2017\/01\/foto-Gen-Kelmendi.jpg 382w, https:\/\/prizrenpost.com\/al\/wp-content\/uploads\/2017\/01\/foto-Gen-Kelmendi-300x300.jpg 300w\" sizes=\"auto, (max-width: 250px) 100vw, 250px\" \/><p id=\"caption-attachment-29504\" class=\"wp-caption-text\"><b>Gen KELMENDI<\/b><\/p><\/div>\n<p>Mund ta mirni me mend se sa e pasin\u00e7ert e hipokrizi duket kur PDK-jsat e LDK-jsat ndjenj\u00eb keqardhje p\u00ebr arrestimin e Ramush Haradinajt!<\/p>\n<p>Do t\u00eb kisha pasur d\u00ebshir\u00eb t&#8217;ia b\u00ebj\u00eb nj\u00eb pyetje Haradinajt, por pyetje pa pasur nevoj\u00eb t\u00eb p\u00ebrgjigjet ndokush. Kur u arrestua nga forcat e siguris\u00eb franceze dhe e fut\u00ebn n\u00eb burg, a u ndjeh (a e p\u00ebrjetoj at\u00eb torrturim) njejt\u00eb sikurse bashkatdhetar\u00eb e tij q\u00eb ngreheshin zvarr e futeshin n\u00eb kampet e burgimit nga komandant\u00ebt e tij t\u00eb U\u00c7K-s\u00eb gjat\u00eb 99-tes?!<\/p>\n<p>Sidoqoft\u00eb, arrestimi i Haradinajt \u00ebsht\u00eb arrestim politik, \u00ebsht\u00eb arrestim i Kosov\u00ebs, i imazhit t\u00eb saj dhe \u00ebsht\u00eb pafuqi politike e Kosov\u00ebs q\u00eb viktimizohet p\u00ebrball cilit do q\u00eb u bijm\u00eb n\u00eb duar, p\u00ebrshkak t\u00eb politik\u00ebs s\u00eb eg\u00ebr serbe kund\u00ebr nesh. Dhe kjo \u00ebsht\u00eb nj\u00eb arsye m\u00eb shum\u00eb q\u00eb bisedimet pa kushte me Serbin\u00eb duhet t\u00eb marin kahje t\u00eb re, ose t\u00eb nd\u00ebrpriten deri sa klasa politike serbe t\u00eb ndryshoj orientimin e saj p\u00ebrball realitetit t\u00eb ri europian. Kosova \u00ebsht\u00eb shtet ligjor\u00eb me t\u00eb gjitha t\u00eb drejtat nd\u00ebrkomb\u00ebtare, dhe realiteti i saj nuk mund t\u00eb instrumentalizohet me fletarreste t\u00eb nj\u00eb shtetit q\u00eb \u00e7do dit\u00eb e m\u00eb shum\u00eb po e humbet p\u00ebrkrahjen e faktorit nd\u00ebrkomb\u00ebtar.<\/p>\n<p>Arrestimi i Haradinajt n\u00eb k\u00ebt\u00eb form\u00eb \u00ebsht\u00eb burgosje e gjith\u00eb Kosov\u00ebs. Gjith\u00eb ne kishim me i\u2019u g\u00ebzuar faktit n\u00eb rast se njer\u00ebzit e krimit q\u00eb e shkatrruan Kosov\u00ebn e pasluft\u00ebs (dhe gjat\u00eb luft\u00ebs) do t\u00eb arrestoheshin nga organet kompetentet t\u00eb drejt\u00ebsis\u00eb, nga EULEX-i, Gjykata Speciale, etj. Mir\u00ebpo ai u arrestua nga dora e shteti serb, i cili nuk po e arreston\u00eb at\u00eb pse e ka vjedhur Kosov\u00ebn, pse e ka sjellur Tha\u00e7in n\u00eb pushtet apo pse e ka fuqizuar ndikimin e Serbis\u00eb mbrenda shtetit t\u00eb Kosov\u00ebs, mir\u00ebpo ai po arrestohet pse ka vrrar \u00e7etnik serb q\u00eb p\u00ebrdhunuan grat\u00eb shqiptare, q\u00eb masakruan mijra civil t\u00eb pafajsh\u00ebm, gra e f\u00ebmij\u00eb. P\u00ebr k\u00ebt\u00eb arsye, arresimi i tij n\u00eb k\u00ebt\u00eb form\u00eb, nga dora e shtetit serb, \u00ebsht\u00eb i padrejt\u00eb dhe i d\u00ebmsh\u00ebm p\u00ebr Kosov\u00ebn, sepse arrestimi i tij n\u00ebn k\u00ebto akuza n\u00ebnkutpon arrestimin (fajsimin) e gjith\u00eb atyre q\u00eb luftuan denj\u00ebsisht\u00eb p\u00ebr idealin e liris\u00eb e pavarsis\u00eb s\u00eb shtetit ton\u00eb.<\/p>\n<p>Seanca e jasht\u00ebzakonshme p\u00ebr Haradinajn, q\u00eb p\u00ebrfundoj me 9 or\u00eb diskutime koti!<\/p>\n<p>Kuvendi i Kosov\u00ebs mbajti seanc\u00eb t\u00eb jasht\u00ebzakonmshe me rastin e arrestimit t\u00eb Ramush Haradinajt. At\u00eb q\u00eb e thash se, bisedimet me Serbin\u0113 duhet t\u00eb rikonstruktohen, t\u00eb bisedohet me kushte, dhe jo t\u00eb nd\u00ebrprit\u00ebn t\u00ebr\u00ebsisht\u00eb, e tha vet\u00ebm Melihate T\u00ebrmkolli n\u00eb seanc\u00eb.\u00a0<br \/>\nAhmak\u00ebll\u00ebku i deputet\u00ebve tjer\u00eb q\u00eb k\u00ebrkonin\u00eb nd\u00ebrprerjen e bisedimeve me Serbin\u00eb n\u00eb \u00e7do form\u00eb dhe duke e p\u00ebrdorur fat\u00ebkeq\u00ebsin\u00eb politike t\u00eb arrestimit t\u00eb Haradinajt p\u00eb\u0155 q\u00ebllime partiake duke k\u00ebrkuar dor\u00ebheqjen e qeveris\u00eb, &#8211; n\u00eb fund u shp\u00ebrblye me 9 or\u00eb diskutime koti.<\/p>\n<p>Inat\u00ebt partiake b\u00ebn\u00eb q\u00eb dy (2) rezolutat t\u00eb mosvotohen, dhe, nga gajlja e shtetit q\u00eb deputet\u00ebt e kishin\u00eb, filluan t\u00eb mirreshin me gajle partiake e ideologjike. K\u00ebta, p\u00ebr partin\u00eb jo vet\u00ebm parimet, por edhe kauz\u00ebn e shesin\u00eb!<\/p>\n<p>Rekomandime p\u00ebr rezoluten p\u00ebr bisedimet me Serbin\u00eb<br \/>\nPasi q\u00eb deri m\u00eb tani bisedmet mes Kosov\u00ebs dhe Serbis\u00eb jan\u00eb treguar t\u00eb dobishme vet\u00ebm p\u00ebr shtetin serb, nd\u00ebrsa Kosova v\u00ebt\u00ebm ka psuar nga to, dhe pasi q\u00eb Kosova po i\u2019a leht\u00ebson Serbis\u00eb rrug\u00ebn p\u00ebr n\u00eb Bashkimin Europian, nd\u00ebrsa kjo e fundit po vazhdon me politiken e saj agrresive e provokative ndaj\u00eb Kosov\u00ebs, at\u00ebher\u00eb \u00ebsht\u00eb shum\u00eb e nevojshme q\u00eb k\u00ebto bisedime t\u00eb rikonstruktohen, t\u00eb mos bisedohet pa kushte me Serbin\u00eb.<br \/>\nNisur nga kjo, mendoj q\u00eb \u00ebsht\u00eb shum\u00eb e nevojshme q\u00eb rezoluta p\u00ebr bisedimet me Serbin\u00eb t\u00eb rikonstruktohet edhe nj\u00eb her\u00eb. Mendoj se zgjidhja m\u00eb e mir\u00eb do t\u00eb ishte kjo: <\/p>\n<p>1. T\u00eb k\u00ebrkohet q\u00eb n\u00eb rezoluten p\u00ebr bisedimet me S\u00ebrbin\u00eb t\u00eb futet nj\u00eb pik\u00eb e ve\u00e7ant, e cila do e k\u00ebrkonte heqjen e \u00e7do fletarresti t\u00eb l\u00ebshuar nga shteti serb p\u00ebr shqiptar\u00ebt n\u00ebn akuzat e krimeve t\u00eb luft\u00ebs ndaj serb\u00ebve. Dhe kjo t\u00eb b\u00ebhet jo me em\u00ebra t\u00eb p\u00ebrve\u00e7sh\u00ebm, por p\u00ebr t\u00eb gjith\u00eb shqiptar\u00ebt q\u00eb jan\u00eb n\u00eb k\u00ebrkim t\u00eb interpolit nga dora e shtetit s\u00ebrb. N\u00eb rezolut\u00eb t\u00eb precizohet se, pa miratimin e k\u00ebsaj pike, qeveria e Kosov\u00ebs nuk mund t\u00eb negocioj\u00eb me shtetin serb.<\/p>\n<p>Injorimi i k\u00ebsaj pike do t\u00eb shkaktoj q\u00eb ne prap t\u00eb b\u00ebhemi objekt tallje e orvatje n\u00eb mediat nd\u00ebrkomb\u00ebtare nga paaft\u00ebsia jon\u00eb politike.<\/p>\n<p>2. T\u00eb k\u00ebrkohet q\u00eb n\u00eb rezolut\u00ebn p\u00ebr bisedimet mes Kosov\u00ebs e Serbis\u00eb t\u00eb arrihet dakordimi i dy pal\u00ebve q\u00eb, \u00e7do situat\u00eb e re politike n\u00eb Veri t\u00eb Mitrovic\u00ebs (q\u00eb do t\u00eb n\u00ebnkuptonte edhe vendosjen e ndonj\u00eb murri politik aty) t\u00eb b\u00ebhet n\u00eb bashkupunim dhe mb\u00ebshtetje me faktorin nd\u00ebrkomb\u00ebtar. Dhe, \u00e7do veprim politik i nd\u00ebrmarur n\u00eb k\u00ebt\u00eb rast pa p\u00eblqimin dhe p\u00ebrkrahjen e faktorit nd\u00ebrkomb\u00ebtar, q\u00eb do ta ndryshonte situat\u00ebn politike n\u00eb Veri t\u00eb Mitrovic\u00ebs, do t\u00eb shkaktonte nd\u00ebrprerjen e menj\u00ebhershme t\u00eb dialogut dypal\u00ebsh, dhe do t\u00eb obligonte faktorin nd\u00ebrkomb\u00ebtar t\u00eb nd\u00ebrhynte n\u00eb zgjidhjen e situat\u00ebs.<\/p>\n<p>K\u00ebto dy pika p\u00ebrb\u00ebjn\u00eb esencialitetin dhe thelbin\u00eb e shtetit ligjor q\u00eb k\u00ebrkon t\u00eb negocioj me nj\u00eb shtet tjet\u00ebr. Mund t\u00eb jen\u00eb th\u00ebn\u00eb edhe m\u00eb her\u00ebt k\u00ebto pika t\u00ebrthorazi, mir\u00ebpo ajo q\u00eb un\u00eb k\u00ebrkoj \u00ebsht\u00eb q\u00eb k\u00ebto k\u00ebrkesa mos t\u00eb mbeten propozime deklarative, por t\u00eb fut\u00ebn n\u00eb rezolut\u00ebn p\u00ebr bisedimet me Serbin\u00eb. E gjitha kjo do t\u00eb shkaktoj nj\u00eb situat t\u00eb qet\u00eb politike n\u00eb vend, n\u00eb mosp\u00ebrseritjen e k\u00ebtyre problematikave q\u00eb po e d\u00ebmtojn\u00eb imazhin politik t\u00eb shtetit t\u00eb Kosov\u00ebs n\u00eb vazhdim\u00ebsi.<\/p>\n<p><em>(Autori \u00ebsht\u00eb studiues i Shkencave Juridike)<\/em><\/p>\n<p><strong>*Opinionet e autor\u00ebve nuk paraqesin domosdoshm\u00ebrisht edhe opinionin e Prizren Post.<\/strong><\/p>\n","protected":false},"excerpt":{"rendered":"<p>Mund ta mirni me mend se sa e pasin\u00e7ert e hipokrizi duket kur PDK-jsat e LDK-jsat ndjenj\u00eb keqardhje p\u00ebr arrestimin e Ramush Haradinajt! Do t\u00eb kisha pasur d\u00ebshir\u00eb t&#8217;ia b\u00ebj\u00eb nj\u00eb pyetje Haradinajt, por pyetje pa pasur nevoj\u00eb t\u00eb p\u00ebrgjigjet ndokush. Kur u arrestua nga forcat e siguris\u00eb franceze dhe e fut\u00ebn n\u00eb burg, a [&hellip;]<\/p>\n","protected":false},"author":1,"featured_media":29504,"comment_status":"open","ping_status":"open","sticky":false,"template":"","format":"standard","meta":{"footnotes":""},"categories":[8],"tags":[2182,119],"class_list":["post-29503","post","type-post","status-publish","format-standard","has-post-thumbnail","hentry","category-opinione","tag-gen-kelmendi","tag-opinione"],"_links":{"self":[{"href":"https:\/\/prizrenpost.com\/al\/wp-json\/wp\/v2\/posts\/29503","targetHints":{"allow":["GET"]}}],"collection":[{"href":"https:\/\/prizrenpost.com\/al\/wp-json\/wp\/v2\/posts"}],"about":[{"href":"https:\/\/prizrenpost.com\/al\/wp-json\/wp\/v2\/types\/post"}],"author":[{"embeddable":true,"href":"https:\/\/prizrenpost.com\/al\/wp-json\/wp\/v2\/users\/1"}],"replies":[{"embeddable":true,"href":"https:\/\/prizrenpost.com\/al\/wp-json\/wp\/v2\/comments?post=29503"}],"version-history":[{"count":0,"href":"https:\/\/prizrenpost.com\/al\/wp-json\/wp\/v2\/posts\/29503\/revisions"}],"wp:featuredmedia":[{"embeddable":true,"href":"https:\/\/prizrenpost.com\/al\/wp-json\/wp\/v2\/media\/29504"}],"wp:attachment":[{"href":"https:\/\/prizrenpost.com\/al\/wp-json\/wp\/v2\/media?parent=29503"}],"wp:term":[{"taxonomy":"category","embeddable":true,"href":"https:\/\/prizrenpost.com\/al\/wp-json\/wp\/v2\/categories?post=29503"},{"taxonomy":"post_tag","embeddable":true,"href":"https:\/\/prizrenpost.com\/al\/wp-json\/wp\/v2\/tags?post=29503"}],"curies":[{"name":"wp","href":"https:\/\/api.w.org\/{rel}","templated":true}]}}