{"id":29609,"date":"2017-01-29T15:11:57","date_gmt":"2017-01-29T14:11:57","guid":{"rendered":"https:\/\/prizrenpost.com\/al\/?p=29609"},"modified":"2017-03-16T14:07:07","modified_gmt":"2017-03-16T13:07:07","slug":"agim-bahtiri-thote-se-ne-muajin-shkurt-do-te-rrenohet-muri-ne-mitrovice","status":"publish","type":"post","link":"https:\/\/prizrenpost.com\/al\/agim-bahtiri-thote-se-ne-muajin-shkurt-do-te-rrenohet-muri-ne-mitrovice\/","title":{"rendered":"Agim Bahtiri thot\u00eb se n\u00eb muajin shkurt do t\u00eb rr\u00ebnohet muri n\u00eb Mitrovic\u00eb"},"content":{"rendered":"<p><img decoding=\"async\" src=\"https:\/\/prizrenpost.com\/al\/wp-content\/uploads\/2017\/01\/muri-ne-mitrovice.jpg\" alt=\"\" width=\"100%\" height=\"\" class=\"alignleft size-full wp-image-29610\" srcset=\"https:\/\/prizrenpost.com\/al\/wp-content\/uploads\/2017\/01\/muri-ne-mitrovice.jpg 860w, https:\/\/prizrenpost.com\/al\/wp-content\/uploads\/2017\/01\/muri-ne-mitrovice-300x169.jpg 300w, https:\/\/prizrenpost.com\/al\/wp-content\/uploads\/2017\/01\/muri-ne-mitrovice-768x432.jpg 768w\" sizes=\"(max-width: 860px) 100vw, 860px\" \/><\/p>\n<p>Mitrovic\u00eb &#8211; Muri i ngritur n\u00eb Mitrovic\u00eb t\u00eb veriut, q\u00eb p\u00ebr autoritetet zyrtare n\u00eb Prishtin\u00eb, \u00ebsht\u00eb ilegal dhe ndar\u00ebs, pritet t\u00eb rr\u00ebnohet n\u00eb muajin shkurt, ka th\u00ebn\u00eb kryetari i Mitrovic\u00ebs Jugore, Agim Bahtiri.<\/p>\n<p>P\u00ebr k\u00ebt\u00eb \u00e7\u00ebshtje, ai ka treguar se \u00ebsht\u00eb duke biseduar me zyrtar\u00eb t\u00eb Bashkimit Evropian, por edhe me autoritetet lokale t\u00eb Mitrovic\u00ebs veriore.<\/p>\n<p>Bahtiri ka th\u00ebn\u00eb se me ndihm\u00ebn e BE-s\u00eb ky mur do t\u00eb rr\u00ebnohet n\u00eb, si\u00e7 \u00ebsht\u00eb shprehur ai, \u201cpaqe\u201d.<\/p>\n<p>\u201cMuri do t\u00eb hiqet p\u00ebr arsye, se muret nuk kan\u00eb vend n\u00ebp\u00ebr qytetet e Kosov\u00ebs dhe Evrop\u00ebs, sepse un\u00eb mendoj se Kosova do t\u00eb b\u00ebhet Evrop\u00eb dhe muret e tilla nuk na d\u00ebrgojn\u00eb askund. Ata q\u00eb e kan\u00eb nd\u00ebrtuar murin, ata duhet ta rr\u00ebnojn\u00eb at\u00eb. Dhe, un\u00eb kam k\u00ebrkuar nga kryetari i komun\u00ebs s\u00eb Mitrovic\u00ebs s\u00eb veriut, Goran Rakiq, q\u00eb ta b\u00ebj\u00eb nj\u00eb gj\u00eb t\u00eb till\u00eb, p\u00ebr arsye se \u00ebsht\u00eb n\u00eb interesin e tyre, por edhe n\u00eb interesin e p\u00ebrgjithsh\u00ebm q\u00eb nj\u00eb her\u00eb e p\u00ebrgjithmon\u00eb t\u00eb lirohet qyteti, t\u00eb lirohet qarkullimi i lir\u00eb i njer\u00ebzve dhe mos t\u00eb sinjalizojm\u00eb barrikada por t\u00eb sinjalizojm\u00eb paqe\u201d, ka deklaruar Bahtiri.<\/p>\n<p>Nd\u00ebrtimi i murit n\u00eb af\u00ebrsi t\u00eb ur\u00ebs kryesore mbi lumin Ib\u00ebr, kishte ndodhur n\u00eb muajin dhjetor, nga autoritetet lokale t\u00eb Mitrovic\u00ebs s\u00eb veriut dhe \u00ebsht\u00eb pasuar me kund\u00ebrshtime t\u00eb ashpra nga autoritetet e Kosov\u00ebs.<\/p>\n<p>P\u00ebr rr\u00ebnimin e k\u00ebtij muri, edhe Kuvendi i Kosov\u00ebs ka miratuar nj\u00eb rezolut\u00eb, n\u00eb baz\u00eb t\u00eb s\u00eb cil\u00ebs muri duhet t\u00eb shembet gjat\u00eb k\u00ebtij muaji.<\/p>\n<p>Se muri do t\u00eb rr\u00ebnohet, e ka th\u00ebn\u00eb edhe kryetari i Kuvendit t\u00eb Kosov\u00ebs, Kadri Veseli, duke mos precizuar ndonj\u00eb dat\u00eb t\u00eb sakt\u00eb, por si\u00e7 ka th\u00ebn\u00eb, \u201cm\u00eb dat\u00ebn 1 apo m\u00eb 17 shkurt, nuk dihet por, ai do t\u00eb rr\u00ebnohet\u201d.<\/p>\n<p>Por, autoritetet lokale n\u00eb Mitrovic\u00eb t\u00eb veriut, por edhe Beogradi zyrtar, e kan\u00eb kund\u00ebrshtuar rr\u00ebnimin e murit.<\/p>\n<p>N\u00eb an\u00ebn tjet\u00ebr, ministria p\u00ebr Dialog n\u00eb Qeverin\u00eb e Kosov\u00ebs, Edita Tahiri,  nuk ka dh\u00ebn\u00eb ndonj\u00eb dat\u00eb t\u00eb caktuar p\u00ebr rr\u00ebnimin e k\u00ebtij muri.<\/p>\n<p>Ajo ka th\u00ebn\u00eb se tashm\u00eb \u00ebsht\u00eb b\u00ebr\u00eb e ditur se rr\u00ebnimi i murit \u00ebsht\u00eb kompetenc\u00eb e instancave m\u00eb t\u00eb larta shtet\u00ebrore t\u00eb Kosov\u00ebs, t\u00eb cilat po punojn\u00eb intensivisht n\u00eb k\u00ebt\u00eb drejtim, n\u00eb m\u00ebnyr\u00eb q\u00eb t\u00eb sigurohet l\u00ebvizja e lir\u00eb e qytetar\u00ebve dhe t\u00eb zbatohet marr\u00ebveshja e Brukselit p\u00ebr rivitalizimin e ur\u00ebs dhe rrug\u00ebs kryesore t\u00eb Mitrovic\u00ebs veriore.<\/p>\n<p>\u201cE kemi b\u00ebr\u00eb t\u00eb qart\u00eb se institucionet e Kosov\u00ebs e kan\u00eb obligim ta zgjidhin k\u00ebt\u00eb \u00e7\u00ebshtje dhe p\u00ebr k\u00ebt\u00eb \u00ebsht\u00eb miratuar rezolut\u00eb n\u00eb Kuvendin e Kosov\u00ebs. Mir\u00ebpo, kjo nuk \u00ebsht\u00eb nj\u00eb \u00e7\u00ebshtje e nivelit teknik\u201d, ka th\u00ebn\u00eb Edita Tahiri.<\/p>\n<p>Autoritetet e Kosov\u00ebs e kan\u00eb cil\u00ebsuar nd\u00ebrtimin e murit n\u00eb Mitrovic\u00eb t\u00eb veriut, si nj\u00eb nga provokimet m\u00eb t\u00eb r\u00ebnda ndaj Kosov\u00ebs dhe institucioneve t\u00eb saj.<\/p>\n<p>Madje, ata e kan\u00eb cil\u00ebsuar at\u00eb si provokim edhe m\u00eb t\u00eb r\u00ebnd\u00eb se sa treni i ngjyrosur me ngjyrat e flamurit serb dhe me freskat ortodokse serbe, t\u00eb cilit iu ndalua hyrja n\u00eb Kosov\u00eb dhe p\u00ebr shkak t\u00eb s\u00eb cilit ka pasur p\u00ebrplasje verbale mjaft t\u00eb ashp\u00ebr nd\u00ebrmjet autoriteteve t\u00eb Kosov\u00ebs dhe t\u00eb Serbis\u00eb.\/rel\/<\/p>\n","protected":false},"excerpt":{"rendered":"<p>Mitrovic\u00eb &#8211; Muri i ngritur n\u00eb Mitrovic\u00eb t\u00eb veriut, q\u00eb p\u00ebr autoritetet zyrtare n\u00eb Prishtin\u00eb, \u00ebsht\u00eb ilegal dhe ndar\u00ebs, pritet t\u00eb rr\u00ebnohet n\u00eb muajin shkurt, ka th\u00ebn\u00eb kryetari i Mitrovic\u00ebs Jugore, Agim Bahtiri. P\u00ebr k\u00ebt\u00eb \u00e7\u00ebshtje, ai ka treguar se \u00ebsht\u00eb duke biseduar me zyrtar\u00eb t\u00eb Bashkimit Evropian, por edhe me autoritetet lokale t\u00eb Mitrovic\u00ebs [&hellip;]<\/p>\n","protected":false},"author":1,"featured_media":29610,"comment_status":"open","ping_status":"open","sticky":false,"template":"","format":"standard","meta":{"footnotes":""},"categories":[14],"tags":[2616,743,3725],"class_list":["post-29609","post","type-post","status-publish","format-standard","has-post-thumbnail","hentry","category-kombetare","tag-agim-bahtiri","tag-mitrovice","tag-muri-do-te-rrezohet"],"_links":{"self":[{"href":"https:\/\/prizrenpost.com\/al\/wp-json\/wp\/v2\/posts\/29609","targetHints":{"allow":["GET"]}}],"collection":[{"href":"https:\/\/prizrenpost.com\/al\/wp-json\/wp\/v2\/posts"}],"about":[{"href":"https:\/\/prizrenpost.com\/al\/wp-json\/wp\/v2\/types\/post"}],"author":[{"embeddable":true,"href":"https:\/\/prizrenpost.com\/al\/wp-json\/wp\/v2\/users\/1"}],"replies":[{"embeddable":true,"href":"https:\/\/prizrenpost.com\/al\/wp-json\/wp\/v2\/comments?post=29609"}],"version-history":[{"count":0,"href":"https:\/\/prizrenpost.com\/al\/wp-json\/wp\/v2\/posts\/29609\/revisions"}],"wp:featuredmedia":[{"embeddable":true,"href":"https:\/\/prizrenpost.com\/al\/wp-json\/wp\/v2\/media\/29610"}],"wp:attachment":[{"href":"https:\/\/prizrenpost.com\/al\/wp-json\/wp\/v2\/media?parent=29609"}],"wp:term":[{"taxonomy":"category","embeddable":true,"href":"https:\/\/prizrenpost.com\/al\/wp-json\/wp\/v2\/categories?post=29609"},{"taxonomy":"post_tag","embeddable":true,"href":"https:\/\/prizrenpost.com\/al\/wp-json\/wp\/v2\/tags?post=29609"}],"curies":[{"name":"wp","href":"https:\/\/api.w.org\/{rel}","templated":true}]}}