{"id":29698,"date":"2017-02-04T16:28:41","date_gmt":"2017-02-04T15:28:41","guid":{"rendered":"https:\/\/prizrenpost.com\/al\/?p=29698"},"modified":"2017-03-16T13:48:16","modified_gmt":"2017-03-16T12:48:16","slug":"kjo-eshte-ndotja-qe-termocentralet-e-obiliqit-bejne","status":"publish","type":"post","link":"https:\/\/prizrenpost.com\/al\/kjo-eshte-ndotja-qe-termocentralet-e-obiliqit-bejne\/","title":{"rendered":"Kjo \u00ebsht\u00eb ndotja q\u00eb termocentralet e Obiliqit b\u00ebjn\u00eb"},"content":{"rendered":"<p><img decoding=\"async\" src=\"https:\/\/prizrenpost.com\/al\/wp-content\/uploads\/2017\/02\/obiliqi-780x439.jpg\" alt=\"\" width=\"100%\" height=\"\" class=\"alignleft size-full wp-image-29699\" srcset=\"https:\/\/prizrenpost.com\/al\/wp-content\/uploads\/2017\/02\/obiliqi-780x439.jpg 780w, https:\/\/prizrenpost.com\/al\/wp-content\/uploads\/2017\/02\/obiliqi-780x439-300x169.jpg 300w, https:\/\/prizrenpost.com\/al\/wp-content\/uploads\/2017\/02\/obiliqi-780x439-768x432.jpg 768w\" sizes=\"(max-width: 780px) 100vw, 780px\" \/><\/p>\n<p><strong>Termocentralet e st\u00ebrvjet\u00ebruara t\u00eb KEK-ut n\u00eb Obiliq nuk p\u00ebrmbushin as p\u00ebr s\u00eb af\u00ebrmi standardet mjedisore.<\/strong><\/p>\n<p>K\u00ebshtu thuhet n\u00eb shkrimin e fundit t\u00eb Iniciativ\u00ebs \u201cMerr frym\u00eb\u201d, ku \u00ebsht\u00eb publikuar edhe fotografia e b\u00ebr\u00eb nga Blerim Latifi, mbi termocentralet e Obiliqit.<\/p>\n","protected":false},"excerpt":{"rendered":"<p>Termocentralet e st\u00ebrvjet\u00ebruara t\u00eb KEK-ut n\u00eb Obiliq nuk p\u00ebrmbushin as p\u00ebr s\u00eb af\u00ebrmi standardet mjedisore. K\u00ebshtu thuhet n\u00eb shkrimin e fundit t\u00eb Iniciativ\u00ebs \u201cMerr frym\u00eb\u201d, ku \u00ebsht\u00eb publikuar edhe fotografia e b\u00ebr\u00eb nga Blerim Latifi, mbi termocentralet e Obiliqit.<\/p>\n","protected":false},"author":1,"featured_media":29699,"comment_status":"open","ping_status":"open","sticky":false,"template":"","format":"standard","meta":{"footnotes":""},"categories":[5],"tags":[3565,3722],"class_list":["post-29698","post","type-post","status-publish","format-standard","has-post-thumbnail","hentry","category-shendetesi","tag-obiliq","tag-termocentralet"],"_links":{"self":[{"href":"https:\/\/prizrenpost.com\/al\/wp-json\/wp\/v2\/posts\/29698","targetHints":{"allow":["GET"]}}],"collection":[{"href":"https:\/\/prizrenpost.com\/al\/wp-json\/wp\/v2\/posts"}],"about":[{"href":"https:\/\/prizrenpost.com\/al\/wp-json\/wp\/v2\/types\/post"}],"author":[{"embeddable":true,"href":"https:\/\/prizrenpost.com\/al\/wp-json\/wp\/v2\/users\/1"}],"replies":[{"embeddable":true,"href":"https:\/\/prizrenpost.com\/al\/wp-json\/wp\/v2\/comments?post=29698"}],"version-history":[{"count":0,"href":"https:\/\/prizrenpost.com\/al\/wp-json\/wp\/v2\/posts\/29698\/revisions"}],"wp:featuredmedia":[{"embeddable":true,"href":"https:\/\/prizrenpost.com\/al\/wp-json\/wp\/v2\/media\/29699"}],"wp:attachment":[{"href":"https:\/\/prizrenpost.com\/al\/wp-json\/wp\/v2\/media?parent=29698"}],"wp:term":[{"taxonomy":"category","embeddable":true,"href":"https:\/\/prizrenpost.com\/al\/wp-json\/wp\/v2\/categories?post=29698"},{"taxonomy":"post_tag","embeddable":true,"href":"https:\/\/prizrenpost.com\/al\/wp-json\/wp\/v2\/tags?post=29698"}],"curies":[{"name":"wp","href":"https:\/\/api.w.org\/{rel}","templated":true}]}}