{"id":29832,"date":"2017-02-11T23:10:35","date_gmt":"2017-02-11T22:10:35","guid":{"rendered":"https:\/\/prizrenpost.com\/al\/?p=29832"},"modified":"2017-03-16T06:41:56","modified_gmt":"2017-03-16T05:41:56","slug":"zeqirja-dhe-zejnepe-rexhepi-per-klubi-i-shkrimtareve-oeneum-tetove","status":"publish","type":"post","link":"https:\/\/prizrenpost.com\/al\/zeqirja-dhe-zejnepe-rexhepi-per-klubi-i-shkrimtareve-oeneum-tetove\/","title":{"rendered":"Zeqirja dhe Zejnepe Rexhepi p\u00ebr Klubi i Shkrimtar\u00ebve &#8220;Oeneum&#8221; &#8211; Tetov\u00eb"},"content":{"rendered":"<p><img decoding=\"async\" src=\"https:\/\/prizrenpost.com\/al\/wp-content\/uploads\/2017\/02\/oeneum.jpg\" alt=\"\" width=\"100%\" height=\"\" class=\"alignleft size-full wp-image-29833\" srcset=\"https:\/\/prizrenpost.com\/al\/wp-content\/uploads\/2017\/02\/oeneum.jpg 960w, https:\/\/prizrenpost.com\/al\/wp-content\/uploads\/2017\/02\/oeneum-300x180.jpg 300w, https:\/\/prizrenpost.com\/al\/wp-content\/uploads\/2017\/02\/oeneum-768x460.jpg 768w\" sizes=\"(max-width: 960px) 100vw, 960px\" \/><\/p>\n<p><strong>Tetov\u00eb &#8211; N\u00eb takimin e sont\u00ebm,  midis poet\u00ebve e miqve t\u00eb Klubit t\u00eb Shkrimtar\u00ebve &#8221; Oeneum&#8221; dhe dashamir\u00ebve t\u00eb vargut poetik t\u00eb Drit\u00ebro Agollit, u mbajt Or\u00eb letrare &#8211; Homazh, n\u00eb nderim t\u00eb vepr\u00ebs s\u00eb shkrimtarit, i cili vet\u00ebm para pak dit\u00ebsh nd\u00ebrroi jet\u00eb, duke l\u00ebn\u00eb pas vetes krijimtari t\u00eb pasur, gj\u00eb q\u00eb begaton vler\u00ebn e let\u00ebrsis\u00eb son\u00eb.<\/strong><\/p>\n<p>   Sigurisht se pena e tij do t\u00eb l\u00ebr\u00eb gjurm\u00eb n\u00eb shekujt e kujtes\u00ebs.<br \/>\nMe k\u00ebt\u00eb rast, shpreh mir\u00ebnjohjen time p\u00ebr profesor Ejup Ajdinin, i cili p\u00ebr dy vite sa e udh\u00ebhoqi Klubin ton\u00eb, dha kontribut t\u00eb palodhsh\u00ebm n\u00eb realizimin e shum\u00eb aktiviteteve letrare, andaj shpresoj q\u00eb edhe ky vit (2017) t\u00eb jet\u00eb po aq i suksessh\u00ebm, me aktivitete e suksese t\u00eb reja. <\/p>\n<p>An\u00ebtar\u00eb t\u00eb Klubit \u201cOeneum\u201d, poet\u00eb e miq, sigurisht se p\u00ebrjetuam emocione t\u00eb bukura bashk\u00eb, n\u00ebn magjin\u00eb e fjal\u00ebs dhe kumtit t\u00eb poetit Agolli. Ju fal\u00ebnderoj p\u00ebr pranin\u00eb dhe koh\u00ebn e ndar\u00eb p\u00ebr t\u00eb qen\u00eb pjes\u00eb e \u201cMbr\u00ebmjes poetike &#8211; Homazh\u201d p\u00ebr Drit\u00ebro Agollin! <\/p>\n<p>Shpreh mir\u00ebnjohjen time edhe p\u00ebr moderatoren, Behare Neziri, poeten Vjollc\u00eb Berisha, p\u00ebr interpretimin e mrekulluesh\u00ebm t\u00eb vargjeve t\u00eb Agollit, pastaj mikun e Klubit, mjeshtrin e muzik\u00ebs, violinistin Shk\u00eblzen Pajaziti! <\/p>\n<p>E fal\u00ebnderojm\u00eb gjithashtu edhe shkrimtarin, Ibrahim Kadriu, i cili e p\u00ebrsh\u00ebndeti k\u00ebt\u00eb aktivitet t\u00eb Klubit ton\u00eb, por n\u00eb pamund\u00ebsi p\u00ebr t\u00eb qen\u00eb i pranish\u00ebm, d\u00ebrgoi poezin\u00eb e tij p\u00ebrkushtuese p\u00ebr shkrimtarin D. Agollit, t\u00eb cil\u00ebn e lexoi Mimoza Ceka.<\/p>\n<p>Fal\u00ebnderime e mir\u00ebnjohje edhe p\u00ebr poet\u00ebt pjes\u00ebmarr\u00ebs: Ejup Ajdini, Daim Ilazi, Kasam Shaqirvela, Zejnepe Alili Rexhepi, Behare Neziri, Vjollc\u00eb Berisha, Eroll Velija, Nita Beluli Hasani, Sulejman Mehazi, Bardhyl Zaimi, Kaltrina Sadiki, Adem Abdullahu, Sadije Aliti, Rami Kamberi, Ibadete Gafuri, Remzi Saliu, Nadi Arifi, etj.! <\/p>\n<p>Shpreh mir\u00ebnjohjen time t\u00eb thell\u00eb p\u00ebr t\u00eb gjith\u00eb t\u00eb pranishmit, t\u00eb cil\u00ebt e madh\u00ebshtuan mbr\u00ebmjen me pjes\u00ebmarrjen e tyre, gj\u00eb q\u00eb d\u00ebshmon se tashm\u00eb organizimet e Klubit t\u00eb Shkrimtar\u00ebve \u201cOeneum\u201d mir\u00ebpriten dhe vler\u00ebsohen. <\/p>\n<p>Faleminderit Klubi \u201cOeneum\u201d, suksese n\u00eb organizimet e radh\u00ebs!<br \/>\nKryetarja e Klubit t\u00eb Shkrimtar\u00ebve \u201cOeneum\u201d:<br \/>\nZejnepe Alili Rexhepi!<\/p>\n","protected":false},"excerpt":{"rendered":"<p>Tetov\u00eb &#8211; N\u00eb takimin e sont\u00ebm, midis poet\u00ebve e miqve t\u00eb Klubit t\u00eb Shkrimtar\u00ebve &#8221; Oeneum&#8221; dhe dashamir\u00ebve t\u00eb vargut poetik t\u00eb Drit\u00ebro Agollit, u mbajt Or\u00eb letrare &#8211; Homazh, n\u00eb nderim t\u00eb vepr\u00ebs s\u00eb shkrimtarit, i cili vet\u00ebm para pak dit\u00ebsh nd\u00ebrroi jet\u00eb, duke l\u00ebn\u00eb pas vetes krijimtari t\u00eb pasur, gj\u00eb q\u00eb begaton vler\u00ebn [&hellip;]<\/p>\n","protected":false},"author":1,"featured_media":29833,"comment_status":"open","ping_status":"open","sticky":false,"template":"","format":"standard","meta":{"footnotes":""},"categories":[4],"tags":[3587,2486],"class_list":["post-29832","post","type-post","status-publish","format-standard","has-post-thumbnail","hentry","category-kulture","tag-oeneum","tag-tetove"],"_links":{"self":[{"href":"https:\/\/prizrenpost.com\/al\/wp-json\/wp\/v2\/posts\/29832","targetHints":{"allow":["GET"]}}],"collection":[{"href":"https:\/\/prizrenpost.com\/al\/wp-json\/wp\/v2\/posts"}],"about":[{"href":"https:\/\/prizrenpost.com\/al\/wp-json\/wp\/v2\/types\/post"}],"author":[{"embeddable":true,"href":"https:\/\/prizrenpost.com\/al\/wp-json\/wp\/v2\/users\/1"}],"replies":[{"embeddable":true,"href":"https:\/\/prizrenpost.com\/al\/wp-json\/wp\/v2\/comments?post=29832"}],"version-history":[{"count":0,"href":"https:\/\/prizrenpost.com\/al\/wp-json\/wp\/v2\/posts\/29832\/revisions"}],"wp:featuredmedia":[{"embeddable":true,"href":"https:\/\/prizrenpost.com\/al\/wp-json\/wp\/v2\/media\/29833"}],"wp:attachment":[{"href":"https:\/\/prizrenpost.com\/al\/wp-json\/wp\/v2\/media?parent=29832"}],"wp:term":[{"taxonomy":"category","embeddable":true,"href":"https:\/\/prizrenpost.com\/al\/wp-json\/wp\/v2\/categories?post=29832"},{"taxonomy":"post_tag","embeddable":true,"href":"https:\/\/prizrenpost.com\/al\/wp-json\/wp\/v2\/tags?post=29832"}],"curies":[{"name":"wp","href":"https:\/\/api.w.org\/{rel}","templated":true}]}}