{"id":29924,"date":"2017-02-19T11:15:23","date_gmt":"2017-02-19T10:15:23","guid":{"rendered":"https:\/\/prizrenpost.com\/al\/?p=29924"},"modified":"2017-03-16T06:08:04","modified_gmt":"2017-03-16T05:08:04","slug":"te-gjitha-rruget-nacionale-dhe-rajonale-te-hapura-per-qarkullim","status":"publish","type":"post","link":"https:\/\/prizrenpost.com\/al\/te-gjitha-rruget-nacionale-dhe-rajonale-te-hapura-per-qarkullim\/","title":{"rendered":"T\u00eb gjitha rrug\u00ebt nacionale dhe rajonale t\u00eb hapura p\u00ebr qarkullim"},"content":{"rendered":"<p><img decoding=\"async\" src=\"https:\/\/prizrenpost.com\/al\/wp-content\/uploads\/2017\/02\/kosova.jpg\" alt=\"\" width=\"100%\" height=\"\" class=\"alignleft size-full wp-image-29925\" srcset=\"https:\/\/prizrenpost.com\/al\/wp-content\/uploads\/2017\/02\/kosova.jpg 650w, https:\/\/prizrenpost.com\/al\/wp-content\/uploads\/2017\/02\/kosova-300x165.jpg 300w\" sizes=\"(max-width: 650px) 100vw, 650px\" \/><\/p>\n<p><strong>Bazuar n\u00eb t\u00eb dh\u00ebnat e mbledhura nga menaxher\u00ebt rajonal\u00eb t\u00eb Ministris\u00eb s\u00eb Infrastruktur\u00ebs dhe ekipeve tjera mb\u00ebshtet\u00ebse nga terreni, me gjith\u00eb reshjet e vazhdueshme t\u00eb bor\u00ebs, rrug\u00ebt n\u00eb vend vazhdojn\u00eb t\u00eb jen\u00eb t\u00eb hapura p\u00ebr qarkullim.<\/strong><\/p>\n<p>Ekipet mb\u00ebshtet\u00ebse t\u00eb MI-s\u00eb dhe kompanit\u00eb e kontraktuara nga MI po punojn\u00eb n\u00eb mir\u00ebmbajtjen dhe pastrimin e rrug\u00ebve, nd\u00ebrsa menaxher\u00ebt rajonal\u00eb po e monitorojn\u00eb gjendjen e tyre.<\/p>\n<p>MI \u00ebsht\u00eb duke bashk\u00ebpunuar me Policin\u00eb e Kosov\u00ebs, si dhe me ekipet lokale n\u00ebp\u00ebr komunat e Kosov\u00ebs, p\u00ebr t\u00eb mund\u00ebsuar qarkullimin pa probleme.<\/p>\n<p>Ministria e Infrastruktur\u00ebs i k\u00ebshillon t\u00eb gjith\u00eb qytetar\u00ebt e Kosov\u00ebs q\u00eb t\u00eb ken\u00eb kujdes maksimal n\u00eb komunikacion, t\u00eb respektojn\u00eb Ligjin dhe t\u00eb jen\u00eb t\u00eb kompletuar me pajisjet dim\u00ebrore gjat\u00eb udh\u00ebtimit.<\/p>\n","protected":false},"excerpt":{"rendered":"<p>Bazuar n\u00eb t\u00eb dh\u00ebnat e mbledhura nga menaxher\u00ebt rajonal\u00eb t\u00eb Ministris\u00eb s\u00eb Infrastruktur\u00ebs dhe ekipeve tjera mb\u00ebshtet\u00ebse nga terreni, me gjith\u00eb reshjet e vazhdueshme t\u00eb bor\u00ebs, rrug\u00ebt n\u00eb vend vazhdojn\u00eb t\u00eb jen\u00eb t\u00eb hapura p\u00ebr qarkullim. Ekipet mb\u00ebshtet\u00ebse t\u00eb MI-s\u00eb dhe kompanit\u00eb e kontraktuara nga MI po punojn\u00eb n\u00eb mir\u00ebmbajtjen dhe pastrimin e rrug\u00ebve, nd\u00ebrsa [&hellip;]<\/p>\n","protected":false},"author":1,"featured_media":29925,"comment_status":"open","ping_status":"open","sticky":false,"template":"","format":"standard","meta":{"footnotes":""},"categories":[14],"tags":[3710,48,3711],"class_list":["post-29924","post","type-post","status-publish","format-standard","has-post-thumbnail","hentry","category-kombetare","tag-carkullimi","tag-kosove","tag-moti"],"_links":{"self":[{"href":"https:\/\/prizrenpost.com\/al\/wp-json\/wp\/v2\/posts\/29924","targetHints":{"allow":["GET"]}}],"collection":[{"href":"https:\/\/prizrenpost.com\/al\/wp-json\/wp\/v2\/posts"}],"about":[{"href":"https:\/\/prizrenpost.com\/al\/wp-json\/wp\/v2\/types\/post"}],"author":[{"embeddable":true,"href":"https:\/\/prizrenpost.com\/al\/wp-json\/wp\/v2\/users\/1"}],"replies":[{"embeddable":true,"href":"https:\/\/prizrenpost.com\/al\/wp-json\/wp\/v2\/comments?post=29924"}],"version-history":[{"count":0,"href":"https:\/\/prizrenpost.com\/al\/wp-json\/wp\/v2\/posts\/29924\/revisions"}],"wp:featuredmedia":[{"embeddable":true,"href":"https:\/\/prizrenpost.com\/al\/wp-json\/wp\/v2\/media\/29925"}],"wp:attachment":[{"href":"https:\/\/prizrenpost.com\/al\/wp-json\/wp\/v2\/media?parent=29924"}],"wp:term":[{"taxonomy":"category","embeddable":true,"href":"https:\/\/prizrenpost.com\/al\/wp-json\/wp\/v2\/categories?post=29924"},{"taxonomy":"post_tag","embeddable":true,"href":"https:\/\/prizrenpost.com\/al\/wp-json\/wp\/v2\/tags?post=29924"}],"curies":[{"name":"wp","href":"https:\/\/api.w.org\/{rel}","templated":true}]}}