{"id":29930,"date":"2017-02-19T12:20:58","date_gmt":"2017-02-19T11:20:58","guid":{"rendered":"https:\/\/prizrenpost.com\/al\/?p=29930"},"modified":"2017-03-16T06:07:43","modified_gmt":"2017-03-16T05:07:43","slug":"arrestohen-3-persona-per-sulmin-ndaj-flamurit-turk-ne-prizren","status":"publish","type":"post","link":"https:\/\/prizrenpost.com\/al\/arrestohen-3-persona-per-sulmin-ndaj-flamurit-turk-ne-prizren\/","title":{"rendered":"Arrestohen 3 persona p\u00ebr sulmin ndaj flamurit turk n\u00eb Prizren"},"content":{"rendered":"<p><img decoding=\"async\" src=\"https:\/\/prizrenpost.com\/al\/wp-content\/uploads\/2017\/02\/policia.jpg\" alt=\"\" width=\"100%\" height=\"\" class=\"alignleft size-full wp-image-29931\" srcset=\"https:\/\/prizrenpost.com\/al\/wp-content\/uploads\/2017\/02\/policia.jpg 863w, https:\/\/prizrenpost.com\/al\/wp-content\/uploads\/2017\/02\/policia-300x168.jpg 300w, https:\/\/prizrenpost.com\/al\/wp-content\/uploads\/2017\/02\/policia-768x431.jpg 768w\" sizes=\"(max-width: 863px) 100vw, 863px\" \/><\/p>\n<p><strong>Prizren &#8211; Arreston tre t\u00eb dyshuar meshkuj, t\u00eb cil\u00ebt n\u00eb bashk\u00ebveprim kan\u00eb hequr nga shtylla elektrike nj\u00eb flamur t\u00eb shtetit t\u00eb Turqis\u00eb, transmeton Anadolu Agency.<\/strong><\/p>\n<p>N\u00eb nj\u00eb njoftim nga Policia e Kosov\u00ebs b\u00ebhet e ditur se t\u00eb tre t\u00eb dyshuarit jan\u00eb intervistuar dhe me vendim t\u00eb prokurorit jan\u00eb d\u00ebrguar n\u00eb mbajtje.<\/p>\n<p>Ndryshe, dje, n\u00eb 9-vjetorin e pavar\u00ebsis\u00eb s\u00eb Kosov\u00ebs, disa t\u00eb rinj n\u00eb qytetin historik t\u00eb Prizrenit kan\u00eb hequr flamurin turk i cili q\u00ebndronte i varur n\u00eb nj\u00eb shtyll\u00eb. N\u00eb nj\u00eb video t\u00eb d\u00ebrguar n\u00eb mediat kosovare, shihet se si k\u00ebta t\u00eb rinj heqin flamurin turk nga shtylla, duke th\u00ebn\u00eb se \u201cKjo fest\u00eb \u00ebsht\u00eb e jona\u201d. N\u00eb video po ashtu shihet se t\u00eb rinjt\u00eb kan\u00eb shkelur dhe kan\u00eb shqyer flamurin turk.<\/p>\n<p>Nd\u00ebrkaq, sulmin e d\u00ebnuan Ministria e Pun\u00ebve t\u00eb Jashtme t\u00eb Kosov\u00ebs, si dhe Partia Demokratike e Turqve t\u00eb Kosov\u00ebs.<\/p>\n","protected":false},"excerpt":{"rendered":"<p>Prizren &#8211; Arreston tre t\u00eb dyshuar meshkuj, t\u00eb cil\u00ebt n\u00eb bashk\u00ebveprim kan\u00eb hequr nga shtylla elektrike nj\u00eb flamur t\u00eb shtetit t\u00eb Turqis\u00eb, transmeton Anadolu Agency. N\u00eb nj\u00eb njoftim nga Policia e Kosov\u00ebs b\u00ebhet e ditur se t\u00eb tre t\u00eb dyshuarit jan\u00eb intervistuar dhe me vendim t\u00eb prokurorit jan\u00eb d\u00ebrguar n\u00eb mbajtje. Ndryshe, dje, n\u00eb 9-vjetorin [&hellip;]<\/p>\n","protected":false},"author":1,"featured_media":29931,"comment_status":"open","ping_status":"open","sticky":false,"template":"","format":"standard","meta":{"footnotes":""},"categories":[17,22],"tags":[1833,41],"class_list":["post-29930","post","type-post","status-publish","format-standard","has-post-thumbnail","hentry","category-kronike","category-prizren","tag-arrestim","tag-prizren"],"_links":{"self":[{"href":"https:\/\/prizrenpost.com\/al\/wp-json\/wp\/v2\/posts\/29930","targetHints":{"allow":["GET"]}}],"collection":[{"href":"https:\/\/prizrenpost.com\/al\/wp-json\/wp\/v2\/posts"}],"about":[{"href":"https:\/\/prizrenpost.com\/al\/wp-json\/wp\/v2\/types\/post"}],"author":[{"embeddable":true,"href":"https:\/\/prizrenpost.com\/al\/wp-json\/wp\/v2\/users\/1"}],"replies":[{"embeddable":true,"href":"https:\/\/prizrenpost.com\/al\/wp-json\/wp\/v2\/comments?post=29930"}],"version-history":[{"count":0,"href":"https:\/\/prizrenpost.com\/al\/wp-json\/wp\/v2\/posts\/29930\/revisions"}],"wp:featuredmedia":[{"embeddable":true,"href":"https:\/\/prizrenpost.com\/al\/wp-json\/wp\/v2\/media\/29931"}],"wp:attachment":[{"href":"https:\/\/prizrenpost.com\/al\/wp-json\/wp\/v2\/media?parent=29930"}],"wp:term":[{"taxonomy":"category","embeddable":true,"href":"https:\/\/prizrenpost.com\/al\/wp-json\/wp\/v2\/categories?post=29930"},{"taxonomy":"post_tag","embeddable":true,"href":"https:\/\/prizrenpost.com\/al\/wp-json\/wp\/v2\/tags?post=29930"}],"curies":[{"name":"wp","href":"https:\/\/api.w.org\/{rel}","templated":true}]}}