{"id":29956,"date":"2017-02-19T22:27:29","date_gmt":"2017-02-19T21:27:29","guid":{"rendered":"https:\/\/prizrenpost.com\/al\/?p=29956"},"modified":"2017-03-16T06:06:48","modified_gmt":"2017-03-16T05:06:48","slug":"ne-oeneum-u-be-perurimi-i-dy-veprave-te-autoreve-tetovare","status":"publish","type":"post","link":"https:\/\/prizrenpost.com\/al\/ne-oeneum-u-be-perurimi-i-dy-veprave-te-autoreve-tetovare\/","title":{"rendered":"N\u00eb &#8220;OENEUM\u201d u b\u00eb p\u00ebrurimi i dy veprave t\u00eb autor\u00ebve tetovar\u00eb"},"content":{"rendered":"<p><img decoding=\"async\" src=\"https:\/\/prizrenpost.com\/al\/wp-content\/uploads\/2017\/02\/oeneum-1.jpg\" alt=\"\" width=\"100%\" height=\"\" class=\"alignleft size-full wp-image-29957\" srcset=\"https:\/\/prizrenpost.com\/al\/wp-content\/uploads\/2017\/02\/oeneum-1.jpg 1000w, https:\/\/prizrenpost.com\/al\/wp-content\/uploads\/2017\/02\/oeneum-1-300x180.jpg 300w, https:\/\/prizrenpost.com\/al\/wp-content\/uploads\/2017\/02\/oeneum-1-768x461.jpg 768w\" sizes=\"(max-width: 1000px) 100vw, 1000px\" \/><\/p>\n<p>ZEQIRJA DHE ZEJNEPE REXHEPI ME EJUP AJDINI DHE EROLL VELIJA.<\/p>\n<p>Pamje nga takimi i sot\u00ebm letrar (18.02.2017) i Klubit t\u00eb Shkrimtar\u00ebve \u201cOENEUM\u201d, me \u00e7\u2019rast u b\u00eb p\u00ebrurimi i dy veprave t\u00eb autor\u00ebve tetovar\u00eb: <\/p>\n<p>1. Vepra autoriale \u201cXX vjet me pen\u00eb n\u00eb dor\u00eb\u201d, e Ekrem Ajrulit, p\u00ebr t\u00eb cil\u00ebn fol\u00ebn recensent\u00ebt: Prof. dr. Ejup Ajdini dhe Mr. Sulejman Mehazi;<\/p>\n<p>2. V\u00ebllimi poetik \u201cPerla e dashuris\u00eb\u201d e Nita Belulit, p\u00ebr t\u00eb cil\u00ebn foli Dr. Zejnepe Alili Rexhepi.<\/p>\n<p>N\u00ebn moderimin e gazetares s\u00eb TV \u201cKoha\u201d, Arijana Ibrahimi, n\u00eb sken\u00ebn e \u201cOda\u201d, n\u00eb Pallatin e Kultur\u00ebs &#8211; Tetov\u00eb, interpretuan vargje poet\u00ebt e Klubit \u201cOeneum\u201d, student\u00eb e krijues t\u00eb shumt\u00eb.<br \/>\nStudentet: Besarta Ramadani dhe Bjondina Vejseli, interpretuan vargje nga veprat e autor\u00ebve n\u00eb fjal\u00eb, p\u00ebrderisa Abdylkad\u00ebr Selimi e interpretoi poezin\u00eb \u201cPasaporta\u201d, t\u00eb poetit, studiuesit, albanologut, Prof. dr. Agim Vinca.<\/p>\n<p> P\u00ebr pjes\u00ebn arg\u00ebtuese u p\u00ebrkujdes\u00ebn: Zana Zumeri, violiniste dhe Trim Antoni, kitarist.<br \/>\nMbetemi me shpres\u00eb se do t\u00eb takohemi n\u00eb aktivitetin letrar t\u00eb radh\u00ebs!<\/p>\n<p>Me nderime: Klubi i Shkrimtar\u00ebve \u201cOeneum\u201d &#8211; Tetov\u00eb!<\/p>\n","protected":false},"excerpt":{"rendered":"<p>ZEQIRJA DHE ZEJNEPE REXHEPI ME EJUP AJDINI DHE EROLL VELIJA. Pamje nga takimi i sot\u00ebm letrar (18.02.2017) i Klubit t\u00eb Shkrimtar\u00ebve \u201cOENEUM\u201d, me \u00e7\u2019rast u b\u00eb p\u00ebrurimi i dy veprave t\u00eb autor\u00ebve tetovar\u00eb: 1. Vepra autoriale \u201cXX vjet me pen\u00eb n\u00eb dor\u00eb\u201d, e Ekrem Ajrulit, p\u00ebr t\u00eb cil\u00ebn fol\u00ebn recensent\u00ebt: Prof. dr. Ejup Ajdini dhe [&hellip;]<\/p>\n","protected":false},"author":1,"featured_media":29957,"comment_status":"open","ping_status":"open","sticky":false,"template":"","format":"standard","meta":{"footnotes":""},"categories":[4],"tags":[3587,2486],"class_list":["post-29956","post","type-post","status-publish","format-standard","has-post-thumbnail","hentry","category-kulture","tag-oeneum","tag-tetove"],"_links":{"self":[{"href":"https:\/\/prizrenpost.com\/al\/wp-json\/wp\/v2\/posts\/29956","targetHints":{"allow":["GET"]}}],"collection":[{"href":"https:\/\/prizrenpost.com\/al\/wp-json\/wp\/v2\/posts"}],"about":[{"href":"https:\/\/prizrenpost.com\/al\/wp-json\/wp\/v2\/types\/post"}],"author":[{"embeddable":true,"href":"https:\/\/prizrenpost.com\/al\/wp-json\/wp\/v2\/users\/1"}],"replies":[{"embeddable":true,"href":"https:\/\/prizrenpost.com\/al\/wp-json\/wp\/v2\/comments?post=29956"}],"version-history":[{"count":0,"href":"https:\/\/prizrenpost.com\/al\/wp-json\/wp\/v2\/posts\/29956\/revisions"}],"wp:featuredmedia":[{"embeddable":true,"href":"https:\/\/prizrenpost.com\/al\/wp-json\/wp\/v2\/media\/29957"}],"wp:attachment":[{"href":"https:\/\/prizrenpost.com\/al\/wp-json\/wp\/v2\/media?parent=29956"}],"wp:term":[{"taxonomy":"category","embeddable":true,"href":"https:\/\/prizrenpost.com\/al\/wp-json\/wp\/v2\/categories?post=29956"},{"taxonomy":"post_tag","embeddable":true,"href":"https:\/\/prizrenpost.com\/al\/wp-json\/wp\/v2\/tags?post=29956"}],"curies":[{"name":"wp","href":"https:\/\/api.w.org\/{rel}","templated":true}]}}