{"id":29985,"date":"2017-02-21T23:28:10","date_gmt":"2017-02-21T22:28:10","guid":{"rendered":"https:\/\/prizrenpost.com\/al\/?p=29985"},"modified":"2017-03-16T06:02:40","modified_gmt":"2017-03-16T05:02:40","slug":"a-eshte-kadri-veseli-kandidati-i-pdk-se-per-kryeminister","status":"publish","type":"post","link":"https:\/\/prizrenpost.com\/al\/a-eshte-kadri-veseli-kandidati-i-pdk-se-per-kryeminister\/","title":{"rendered":"A \u00ebsht\u00eb Kadri Veseli kandidati i PDK-s\u00eb p\u00ebr kryeminist\u00ebr?"},"content":{"rendered":"<p><img decoding=\"async\" src=\"https:\/\/prizrenpost.com\/al\/wp-content\/uploads\/2017\/02\/kadriu.jpg\" alt=\"\" width=\"100%\" height=\"\" class=\"alignleft size-full wp-image-29986\" srcset=\"https:\/\/prizrenpost.com\/al\/wp-content\/uploads\/2017\/02\/kadriu.jpg 650w, https:\/\/prizrenpost.com\/al\/wp-content\/uploads\/2017\/02\/kadriu-300x165.jpg 300w\" sizes=\"(max-width: 650px) 100vw, 650px\" \/><\/p>\n<p><strong>Prishtin\u00eb &#8211; Z\u00ebvend\u00ebsministri i Kultur\u00ebs, Rinis\u00eb dhe Sportit, Rexhep Hoti q\u00eb vjen nga PDK e ka lart\u00ebsuar figur\u00ebn e presidentit  dhe ish-kreut t\u00eb PDK-s\u00eb Hashim Tha\u00e7i duke th\u00ebn\u00eb se ai \u00ebsht\u00eb model jo vet\u00ebm p\u00ebr Kosov\u00eb.<\/strong><\/p>\n<p>\u201cTha\u00e7i \u00ebsht\u00eb model jo vet\u00ebm n\u00eb Kosov\u00eb por edhe n\u00eb rajon  pasi q\u00eb ka ditur q\u00eb vazhdimisht t\u00eb sjell kuadro t\u00eb reja. Tha\u00e7i gjtihmon\u00eb ka ditur t\u00eb b\u00ebj\u00eb freskime n\u00eb parti. Edhe pas shkuarjes s\u00eb Jakup Krasniqit dhe t\u00eb tjer\u00ebve ka ditur ta ruaj kohezionin e partis\u00eb \u201d, u shpreh Hoti n\u00eb Klan Kosova.<\/p>\n<p>Rexhep Hoti ka th\u00ebn\u00eb se Kadri Veseli ka ardhur n\u00eb krye t\u00eb PDK-s\u00eb n\u00eb nj\u00eb koh\u00eb t\u00eb v\u00ebshtir\u00eb p\u00ebr Kosov\u00ebn.<\/p>\n<p>\u201cKadri Veseli ka ardhur n\u00eb nj\u00eb koh\u00eb ku duhet ta menaxhoj\u00eb kriz\u00ebn m\u00eb t\u00eb madhe q\u00eb ka pasur Kosova. Ai duhet t\u00eb zbatoj\u00eb marr\u00ebveshjen q\u00eb e ka arritur Hashim Tha\u00e7i me Isa Mustaf\u00ebn. Veseli po e d\u00ebrgon PDK-n\u00eb p\u00ebrpara\u201d, u shpreh ai.<\/p>\n<p>Hoti ka treguar se kreu i Kuvendit, Kadri Veseli do t\u00eb jet\u00eb kandidati i PDK-s\u00eb p\u00ebr kryeminist\u00ebr.<\/p>\n<p>\u201cPDK jo q\u00eb del e para n\u00eb zgjedhjet e ardhme, por PDK \u00ebsht\u00eb e para dhe kjo nuk diskutohet. PDK-s\u00eb i ka takuar edhe k\u00ebsaj radhe kryeministri, por ia kemi falur LDK-s\u00eb\u201d.<\/p>\n<p>\u201cKadri Veseli \u00ebsht\u00eb kandidat i PDK-s\u00eb p\u00ebr kryeminist\u00ebr n\u00eb zgjedhjet e ardhshme\u201d, p\u00ebrfundoi Rexhep Hoti.<\/p>\n","protected":false},"excerpt":{"rendered":"<p>Prishtin\u00eb &#8211; Z\u00ebvend\u00ebsministri i Kultur\u00ebs, Rinis\u00eb dhe Sportit, Rexhep Hoti q\u00eb vjen nga PDK e ka lart\u00ebsuar figur\u00ebn e presidentit dhe ish-kreut t\u00eb PDK-s\u00eb Hashim Tha\u00e7i duke th\u00ebn\u00eb se ai \u00ebsht\u00eb model jo vet\u00ebm p\u00ebr Kosov\u00eb. \u201cTha\u00e7i \u00ebsht\u00eb model jo vet\u00ebm n\u00eb Kosov\u00eb por edhe n\u00eb rajon pasi q\u00eb ka ditur q\u00eb vazhdimisht t\u00eb sjell [&hellip;]<\/p>\n","protected":false},"author":1,"featured_media":29986,"comment_status":"open","ping_status":"open","sticky":false,"template":"","format":"standard","meta":{"footnotes":""},"categories":[14],"tags":[706,1419],"class_list":["post-29985","post","type-post","status-publish","format-standard","has-post-thumbnail","hentry","category-kombetare","tag-kadri-veseli","tag-pdk"],"_links":{"self":[{"href":"https:\/\/prizrenpost.com\/al\/wp-json\/wp\/v2\/posts\/29985","targetHints":{"allow":["GET"]}}],"collection":[{"href":"https:\/\/prizrenpost.com\/al\/wp-json\/wp\/v2\/posts"}],"about":[{"href":"https:\/\/prizrenpost.com\/al\/wp-json\/wp\/v2\/types\/post"}],"author":[{"embeddable":true,"href":"https:\/\/prizrenpost.com\/al\/wp-json\/wp\/v2\/users\/1"}],"replies":[{"embeddable":true,"href":"https:\/\/prizrenpost.com\/al\/wp-json\/wp\/v2\/comments?post=29985"}],"version-history":[{"count":0,"href":"https:\/\/prizrenpost.com\/al\/wp-json\/wp\/v2\/posts\/29985\/revisions"}],"wp:featuredmedia":[{"embeddable":true,"href":"https:\/\/prizrenpost.com\/al\/wp-json\/wp\/v2\/media\/29986"}],"wp:attachment":[{"href":"https:\/\/prizrenpost.com\/al\/wp-json\/wp\/v2\/media?parent=29985"}],"wp:term":[{"taxonomy":"category","embeddable":true,"href":"https:\/\/prizrenpost.com\/al\/wp-json\/wp\/v2\/categories?post=29985"},{"taxonomy":"post_tag","embeddable":true,"href":"https:\/\/prizrenpost.com\/al\/wp-json\/wp\/v2\/tags?post=29985"}],"curies":[{"name":"wp","href":"https:\/\/api.w.org\/{rel}","templated":true}]}}