{"id":30022,"date":"2017-02-24T10:46:38","date_gmt":"2017-02-24T09:46:38","guid":{"rendered":"https:\/\/prizrenpost.com\/al\/?p=30022"},"modified":"2017-03-13T00:26:28","modified_gmt":"2017-03-12T23:26:28","slug":"memli-krasniqi-i-thote-ldk-se-kqyrni-kush-po-del-i-dyti-se-per-vend-te-pare-nime-eshte-e-padiskutueshme","status":"publish","type":"post","link":"https:\/\/prizrenpost.com\/al\/memli-krasniqi-i-thote-ldk-se-kqyrni-kush-po-del-i-dyti-se-per-vend-te-pare-nime-eshte-e-padiskutueshme\/","title":{"rendered":"Memli Krasniqi i thot\u00eb LDK-s\u00eb: Kqyrni kush po del i dyti, se p\u00ebr vend t\u00eb par\u00eb nime \u00ebsht\u00eb e padiskutueshme!"},"content":{"rendered":"<p><img decoding=\"async\" class=\"alignleft size-full wp-image-30023\" src=\"https:\/\/prizrenpost.com\/al\/wp-content\/uploads\/2017\/02\/memli-.jpg\" alt=\"\" width=\"100%\" height=\"\" srcset=\"https:\/\/prizrenpost.com\/al\/wp-content\/uploads\/2017\/02\/memli-.jpg 633w, https:\/\/prizrenpost.com\/al\/wp-content\/uploads\/2017\/02\/memli--300x164.jpg 300w\" sizes=\"(max-width: 633px) 100vw, 633px\" \/><\/p>\n<p><strong>Prishtin\u00eb &#8211; Ministri i Bujq\u00ebsis\u00eb, Memli Krasniqi, nj\u00ebher\u00ebsh n\u00ebnkryetar i PDK-s\u00eb, ka ironizuar keq me Lutfi Hazirin dhe Bajram Gecajn, t\u00eb cil\u00ebt dit\u00ebt e fundit e p\u00ebrs\u00ebriten refrenin \u201cDo ta mposhtim PDK-n\u00eb\u201d.<\/strong><\/p>\n<p>Dyt\u00eb k\u00ebta, Krasniqi i ka quajtur \u00ebnd\u00ebrrimtar dhe iu ka sugjeruar q\u00eb t\u00eb shohin kush po del i dyti n\u00eb zgjedhje, se p\u00ebr vendin e par\u00eb \u00ebsht\u00eb v\u00ebrtet e padiskutueshme, ka shkruar Krasniqi n\u00eb llogarin\u00eb e tij n\u00eb Twitter.<\/p>\n<blockquote class=\"twitter-tweet\" data-lang=\"en\">\n<p dir=\"ltr\" lang=\"et\">Per enderrimtaret: Kqyrni kush po del i dyti, se per vend te pare nime eshte e padiskutueshme! <a href=\"https:\/\/twitter.com\/hashtag\/akenivendose?src=hash\">#akenivendose<\/a>? <a href=\"https:\/\/twitter.com\/hashtag\/po?src=hash\">#po<\/a>! <a href=\"https:\/\/twitter.com\/hashtag\/edhe?src=hash\">#edhe<\/a>? <a href=\"https:\/\/twitter.com\/hashtag\/dihet?src=hash\">#dihet<\/a>! ?<\/p>\n<p>\u2014 Memli Krasniqi (@MemliKrasniqi) <a href=\"https:\/\/twitter.com\/MemliKrasniqi\/status\/835043663818317824\">February 24, 2017<\/a><\/p><\/blockquote>\n<p><script async src=\"\/\/platform.twitter.com\/widgets.js\" charset=\"utf-8\"><\/script><\/p>\n","protected":false},"excerpt":{"rendered":"<p>Prishtin\u00eb &#8211; Ministri i Bujq\u00ebsis\u00eb, Memli Krasniqi, nj\u00ebher\u00ebsh n\u00ebnkryetar i PDK-s\u00eb, ka ironizuar keq me Lutfi Hazirin dhe Bajram Gecajn, t\u00eb cil\u00ebt dit\u00ebt e fundit e p\u00ebrs\u00ebriten refrenin \u201cDo ta mposhtim PDK-n\u00eb\u201d. Dyt\u00eb k\u00ebta, Krasniqi i ka quajtur \u00ebnd\u00ebrrimtar dhe iu ka sugjeruar q\u00eb t\u00eb shohin kush po del i dyti n\u00eb zgjedhje, se p\u00ebr [&hellip;]<\/p>\n","protected":false},"author":1,"featured_media":30023,"comment_status":"open","ping_status":"open","sticky":false,"template":"","format":"standard","meta":{"footnotes":""},"categories":[14],"tags":[1418,3624,1419],"class_list":["post-30022","post","type-post","status-publish","format-standard","has-post-thumbnail","hentry","category-kombetare","tag-ldk","tag-memli-krasniqi","tag-pdk"],"_links":{"self":[{"href":"https:\/\/prizrenpost.com\/al\/wp-json\/wp\/v2\/posts\/30022","targetHints":{"allow":["GET"]}}],"collection":[{"href":"https:\/\/prizrenpost.com\/al\/wp-json\/wp\/v2\/posts"}],"about":[{"href":"https:\/\/prizrenpost.com\/al\/wp-json\/wp\/v2\/types\/post"}],"author":[{"embeddable":true,"href":"https:\/\/prizrenpost.com\/al\/wp-json\/wp\/v2\/users\/1"}],"replies":[{"embeddable":true,"href":"https:\/\/prizrenpost.com\/al\/wp-json\/wp\/v2\/comments?post=30022"}],"version-history":[{"count":0,"href":"https:\/\/prizrenpost.com\/al\/wp-json\/wp\/v2\/posts\/30022\/revisions"}],"wp:featuredmedia":[{"embeddable":true,"href":"https:\/\/prizrenpost.com\/al\/wp-json\/wp\/v2\/media\/30023"}],"wp:attachment":[{"href":"https:\/\/prizrenpost.com\/al\/wp-json\/wp\/v2\/media?parent=30022"}],"wp:term":[{"taxonomy":"category","embeddable":true,"href":"https:\/\/prizrenpost.com\/al\/wp-json\/wp\/v2\/categories?post=30022"},{"taxonomy":"post_tag","embeddable":true,"href":"https:\/\/prizrenpost.com\/al\/wp-json\/wp\/v2\/tags?post=30022"}],"curies":[{"name":"wp","href":"https:\/\/api.w.org\/{rel}","templated":true}]}}