{"id":30152,"date":"2017-03-04T11:48:46","date_gmt":"2017-03-04T10:48:46","guid":{"rendered":"https:\/\/prizrenpost.com\/al\/?p=30152"},"modified":"2017-03-13T00:11:21","modified_gmt":"2017-03-12T23:11:21","slug":"mogherinit-koha-e-fundit-qe-ta-ratifikoni-demarkacionin","status":"publish","type":"post","link":"https:\/\/prizrenpost.com\/al\/mogherinit-koha-e-fundit-qe-ta-ratifikoni-demarkacionin\/","title":{"rendered":"Mogherinit: Koha e fundit q\u00eb ta ratifikoni Demarkacionin"},"content":{"rendered":"<p><img decoding=\"async\" src=\"https:\/\/prizrenpost.com\/al\/wp-content\/uploads\/2017\/03\/mogherini-konferenca.jpg\" alt=\"\" width=\"100%\" height=\"\" class=\"alignleft size-full wp-image-30153\" srcset=\"https:\/\/prizrenpost.com\/al\/wp-content\/uploads\/2017\/03\/mogherini-konferenca.jpg 780w, https:\/\/prizrenpost.com\/al\/wp-content\/uploads\/2017\/03\/mogherini-konferenca-300x169.jpg 300w, https:\/\/prizrenpost.com\/al\/wp-content\/uploads\/2017\/03\/mogherini-konferenca-768x432.jpg 768w\" sizes=\"(max-width: 780px) 100vw, 780px\" \/><\/p>\n<p><strong>Prishtin\u00eb &#8211; P\u00ebrfaq\u00ebsuesja e Lart\u00eb p\u00ebr Politik\u00eb t\u00eb Jashtme dhe Siguri n\u00eb BE, Federica Mogherini, ka th\u00ebn\u00eb se s\u2019ka liberalizmi t\u00eb vizave p\u00ebr Kosov\u00ebn pa sh\u00ebnimin e vij\u00ebs kufitare me Malin e Zi dhe luftimi i krimit t\u00eb organizuar dhe korrupsionit.<\/strong><\/p>\n<p>P\u00ebrfaq\u00ebsuesja e Lart\u00eb e Bashkimit Evropian p\u00ebr Pun\u00eb t\u00eb Jashtme dhe Politika t\u00eb Siguris\u00eb, Federica Mogherini ka rip\u00ebrs\u00ebritur mesazhin e Brukselit se demarkacioni me Malin e Zi mbetet kusht i pandryshuar p\u00ebr liberalizimin e vizave p\u00ebr Kosov\u00ebn.<\/p>\n<p>K\u00ebto komente, Mogherini i ka b\u00ebr\u00eb n\u00eb Prishtin\u00eb, n\u00eb nj\u00eb konferenc\u00eb t\u00eb p\u00ebrbashk\u00ebt p\u00ebr media me kryeministrin e Kosov\u00ebs, Isa Mustafa.<\/p>\n<p>\u201cPropozimi i Komisionit Evropian ishte shum\u00eb i qart\u00eb. Jan\u00eb dy kushte t\u00eb cilat duhet t\u00eb plot\u00ebsohen para se t\u00eb b\u00ebhet liberalizimi i vizave\u201d, ka th\u00ebn\u00eb Mogherini.<\/p>\n<p>\u201cK\u00ebto dy kushte jan\u00eb q\u00eb Kosova ta p\u00ebrmir\u00ebsoj luftimin e krimit t\u00eb organizuar dhe korrupsionit, ku ka p\u00ebrparime dhe kushti i dyt\u00eb \u00ebsht\u00eb ratifikimi i Marr\u00ebveshjes s\u00eb Demarkacionit t\u00eb kufirit me Malin e Zi, ku q\u00eb nga vizita e ime e fundit vitin e kaluar nuk ka pasur p\u00ebrparime\u201d, ka th\u00ebn\u00eb Mogherini.<\/p>\n<p>\u201cN\u00ebse Kuvendi e voton demarkacionin, ne, BE-ja do t\u00eb l\u00ebviz shum\u00eb shpejt n\u00eb procesin e liberalizimit t\u00eb vizave\u201d, ka th\u00ebn\u00eb ajo<\/p>\n<p>\u201c\u00cbsht\u00eb koha e fundit t\u00eb ratifikoni Marr\u00ebveshjen me Malin e Zi dhe kjo do ta zhbllokoj liberalizimin e vizave. Ky \u00ebsht\u00eb vendim n\u00eb duart e Kuvendit t\u00eb Kosov\u00ebs\u201d, ka th\u00ebn\u00eb Mogherini.<\/p>\n<p>Ajo u ka b\u00ebr\u00eb thirrje partive politike q\u00eb ta ken\u00eb t\u00eb qart\u00eb se kur jan\u00eb n\u00eb pyetje interesat e popullit, si\u00e7 \u00ebsht\u00eb liberalizimi i vizave, ato duhet ta tejkalojn\u00eb debatin nd\u00ebr partiak dhe t\u00eb gjejn\u00eb rrug\u00ebn p\u00ebrpara.<\/p>\n<p>\u201cBesoj q\u00eb partit\u00eb t\u00eb gjejn\u00eb nj\u00eb form\u00eb pajtimi dhe ta ratifikojn\u00eb k\u00ebt\u00eb marr\u00ebveshje. Populli i Kosov\u00ebs e d\u00ebshiron liberalizimin dhe nuk e meriton munges\u00ebn e konsensusit p\u00ebr liberalizimin\u201d, \u00ebsht\u00eb shprehur zyrtarja e lart\u00eb e BE-s\u00eb.<\/p>\n<p>Tutje, Mogherini ka p\u00ebrsh\u00ebndetur angazhimin e Kosov\u00ebs n\u00eb procesin e dialogut me Serbin\u00eb. Ajo tha se dialogu mbetet form\u00eb e paz\u00ebvend\u00ebsueshme p\u00ebr normalizimikn e raporteve midis dy vendeve.<\/p>\n<p>Nd\u00ebrkoh\u00eb, kryeministri i Kosov\u00ebs, Isa Mustafa i ka k\u00ebrkuar ndihm\u00ebn politike Mogherinit dhe Bashkimit Evropian p\u00ebr t\u00eb shtrir\u00eb ndikimit te opozita q\u00eb ta mb\u00ebshtes demarkacionin me Malin e Zi. Nj\u00ebher\u00ebsh ka k\u00ebrkuar edhe shtimin e presioneve politike mbi p\u00ebrfaq\u00ebsuesit serb, q\u00eb t\u00eb kthehen n\u00eb institucione.<\/p>\n<p>\u201cKemi k\u00ebrkuar ndihm\u00ebn e Mogherinit q\u00eb t\u00eb kalojm\u00eb pengesat e krijuara me ratifikimin e Marr\u00ebveshjes p\u00ebr Demarkacionin e kufirit me malin e Zi\u201d, ka deklaruar ai.<\/p>\n<p>Mustafa tha se te kriteri i dyt\u00eb, q\u00eb ka t\u00eb b\u00ebj me luftimin e krimit dhe korrupsionit, Kosova ka sh\u00ebnuar p\u00ebrparime t\u00eb dukshme.<\/p>\n<p>\u201cKosova \u00ebsht\u00eb e p\u00ebrcaktuar n\u00eb rrug\u00ebn e saj evropiane\u201d, ka th\u00ebn\u00eb Mustafa, duke shprehur bindjen se nj\u00eb dit\u00eb edhe Kosova do t\u00eb jet\u00eb shtet an\u00ebtar i Bashkimit Evropian.<\/p>\n<p>Sa i p\u00ebrket dialogut me Serbin\u00eb, ai ka ritheksuar se mbetet i p\u00ebrkushtuar q\u00eb ky proces t\u00eb vazhdoj.<\/p>\n<p>\u201cNe e shohim dialogun me vendet fqinje, edhe me Serbin\u00eb si alternativ\u00eb t\u00eb paz\u00ebvend\u00ebsueshme p\u00ebr normalizimin e marr\u00ebdh\u00ebnieve dhe avancimin e proceseve n\u00eb Ballkan dhe Evrop\u00eb, p\u00ebrkund\u00ebr disa kund\u00ebrshtimeve q\u00eb i kemi nga opozita\u201d, ka th\u00ebn\u00eb Mustafa. \/REL-Telegrafi\/<\/p>\n","protected":false},"excerpt":{"rendered":"<p>Prishtin\u00eb &#8211; P\u00ebrfaq\u00ebsuesja e Lart\u00eb p\u00ebr Politik\u00eb t\u00eb Jashtme dhe Siguri n\u00eb BE, Federica Mogherini, ka th\u00ebn\u00eb se s\u2019ka liberalizmi t\u00eb vizave p\u00ebr Kosov\u00ebn pa sh\u00ebnimin e vij\u00ebs kufitare me Malin e Zi dhe luftimi i krimit t\u00eb organizuar dhe korrupsionit. P\u00ebrfaq\u00ebsuesja e Lart\u00eb e Bashkimit Evropian p\u00ebr Pun\u00eb t\u00eb Jashtme dhe Politika t\u00eb Siguris\u00eb, [&hellip;]<\/p>\n","protected":false},"author":1,"featured_media":30153,"comment_status":"open","ping_status":"open","sticky":false,"template":"","format":"standard","meta":{"footnotes":""},"categories":[14],"tags":[909],"class_list":["post-30152","post","type-post","status-publish","format-standard","has-post-thumbnail","hentry","category-kombetare","tag-demarkacioni"],"_links":{"self":[{"href":"https:\/\/prizrenpost.com\/al\/wp-json\/wp\/v2\/posts\/30152","targetHints":{"allow":["GET"]}}],"collection":[{"href":"https:\/\/prizrenpost.com\/al\/wp-json\/wp\/v2\/posts"}],"about":[{"href":"https:\/\/prizrenpost.com\/al\/wp-json\/wp\/v2\/types\/post"}],"author":[{"embeddable":true,"href":"https:\/\/prizrenpost.com\/al\/wp-json\/wp\/v2\/users\/1"}],"replies":[{"embeddable":true,"href":"https:\/\/prizrenpost.com\/al\/wp-json\/wp\/v2\/comments?post=30152"}],"version-history":[{"count":0,"href":"https:\/\/prizrenpost.com\/al\/wp-json\/wp\/v2\/posts\/30152\/revisions"}],"wp:featuredmedia":[{"embeddable":true,"href":"https:\/\/prizrenpost.com\/al\/wp-json\/wp\/v2\/media\/30153"}],"wp:attachment":[{"href":"https:\/\/prizrenpost.com\/al\/wp-json\/wp\/v2\/media?parent=30152"}],"wp:term":[{"taxonomy":"category","embeddable":true,"href":"https:\/\/prizrenpost.com\/al\/wp-json\/wp\/v2\/categories?post=30152"},{"taxonomy":"post_tag","embeddable":true,"href":"https:\/\/prizrenpost.com\/al\/wp-json\/wp\/v2\/tags?post=30152"}],"curies":[{"name":"wp","href":"https:\/\/api.w.org\/{rel}","templated":true}]}}