{"id":30483,"date":"2017-03-09T19:02:09","date_gmt":"2017-03-09T18:02:09","guid":{"rendered":"https:\/\/prizrenpost.com\/al\/?p=30483"},"modified":"2017-03-13T00:01:50","modified_gmt":"2017-03-12T23:01:50","slug":"veseli-ushtria-behet-brenda-pak-ditesh","status":"publish","type":"post","link":"https:\/\/prizrenpost.com\/al\/veseli-ushtria-behet-brenda-pak-ditesh\/","title":{"rendered":"Veseli: Ushtria b\u00ebhet brenda pak dit\u00ebsh"},"content":{"rendered":"<p><img decoding=\"async\" src=\"https:\/\/prizrenpost.com\/al\/wp-content\/uploads\/2017\/03\/veseli.jpg\" alt=\"\" width=\"100%\" height=\"\" class=\"alignleft size-full wp-image-30484\" srcset=\"https:\/\/prizrenpost.com\/al\/wp-content\/uploads\/2017\/03\/veseli.jpg 650w, https:\/\/prizrenpost.com\/al\/wp-content\/uploads\/2017\/03\/veseli-300x165.jpg 300w\" sizes=\"(max-width: 650px) 100vw, 650px\" \/><\/p>\n<p><strong>Prishtin\u00eb &#8211; Kryetari i Kuvendit t\u00eb Kosov\u00ebs, nj\u00ebher\u00ebsh lider i PDK-s\u00eb, Kadri Veseli ka siguruar qytetar\u00ebt e Kosov\u00ebs se ushtria e Kosov\u00ebs do t\u00eb b\u00ebhet brenda pak dit\u00ebsh me vendim unanim n\u00eb Kuvend.<\/strong><\/p>\n<p>Ai ka th\u00ebn\u00eb se partner\u00ebt strategjik t\u00eb Kosov\u00ebs n\u00eb krye me shtetet e Bashkuara t\u00eb Amerik\u00ebs do t\u00eb vazhdojn\u00eb ndihm\u00ebn p\u00ebr Kosov\u00ebn dhe ushtrin\u00eb e saj e cila sipas Veseli do t\u00eb jet\u00eb partnerja m\u00eb e fuqishme n\u00eb rajon p\u00ebr NATO-n.<\/p>\n<p>\u201cNatyrisht se partner\u00ebt tan\u00eb kan\u00eb d\u00ebshir\u00eb se m\u00eb e mira do t\u00eb ishte konsensusi. Por n\u00ebse ne do t\u00eb kemi konsensus do ta ndryshojm\u00eb Kushtetut\u00ebn. Transformimi i FSK-s\u00eb do t\u00eb ndodh\u00eb n\u00eb baz\u00eb t\u00eb ligjit, sepse ka ndodhur edhe nj\u00eb keqkuptim. P\u00ebrmes ligjit do t\u00eb merr kompetencat e veta q\u00eb i ka ushtarake dhe do t\u00eb jet\u00eb forc\u00eb ushtarake ashtu siq e meritojm\u00eb si shtet i pavarur dghe sovran dhe do t\u00eb jet\u00eb partnerja m\u00eb profesionale jam shum\u00eb i sigurt, n\u00eb regjion, p\u00ebr vendet e NATO-s. Dhe mos u b\u00ebn\u00eb fare merak se nuk do t\u00eb ftohet asnj\u00eb partneritet dhe t\u00eb jeni t\u00eb sigurt n\u00eb k\u00ebt\u00eb q\u00eb po e them se shum\u00eb shpejt n\u00eb Kuvend do t\u00eb vjen nga Qeveria ligji dhe do ta votojm\u00eb unanimisht transformimin n\u00eb forc\u00eb ushtarake t\u00eb Kosov\u00ebs\u201d, ka th\u00ebn\u00eb Veseli gjat\u00eb turit t\u00eb tij t\u00eb d\u00ebgjimit me student\u00eb t\u00eb profileve t\u00eb ndryshme t\u00eb agjensioneve shtet\u00ebrore q\u00eb studiojn\u00eb n\u00eb Fakultetin e Siguris\u00eb n\u00eb Vushtrri.<\/p>\n<p>N\u00eb k\u00ebt\u00eb takim ku Veseli ka folur p\u00ebr t\u00eb ardhmen e institucioneve t\u00eb siguris\u00eb dhe sundimit t\u00eb ligjit si dhe reformat e nevojshme n\u00eb k\u00ebta sektor\u00eb, ai ka komentuar edhe rezolut\u00ebn e fundit q\u00eb ka nxjerr Kuvendi i Kosov\u00ebs t\u00eb enjten p\u00ebr arrestimin e liderit t\u00eb AAK-s\u00eb Ramush Haradinaj e cila lidhet edhe me suspendimin e dialogut me Serbin\u00eb.<\/p>\n<p>\u201cE kemi b\u00ebr\u00eb nj\u00eb suspendim i cili nuk \u00ebsht\u00eb kund\u00ebr dialogut si proces. P\u00ebrkundrazi, do t\u00eb vazhdojm\u00eb dialogun me Serbin\u00eb p\u00ebr arsye se nuk duam luft\u00eb. Duam njohjen e shtetit t\u00eb Kosov\u00ebs nga Serbia p\u00ebrmes k\u00ebtij procesi t\u00eb dialogut dhe forcimin e sovranitetit ton\u00eb. Por nuk do t\u00eb lejojm\u00eb q\u00eb p\u00ebr shtetin ton\u00eb dhe qytetar\u00ebt tan\u00eb, nj\u00eb shtet q\u00eb nuk ka kurrfar\u00eb legjitimiteti q\u00eb t\u00eb p\u00ebrzihet n\u00eb pun\u00ebt tona\u201d, ka th\u00ebn\u00eb Veseli.<\/p>\n","protected":false},"excerpt":{"rendered":"<p>Prishtin\u00eb &#8211; Kryetari i Kuvendit t\u00eb Kosov\u00ebs, nj\u00ebher\u00ebsh lider i PDK-s\u00eb, Kadri Veseli ka siguruar qytetar\u00ebt e Kosov\u00ebs se ushtria e Kosov\u00ebs do t\u00eb b\u00ebhet brenda pak dit\u00ebsh me vendim unanim n\u00eb Kuvend. Ai ka th\u00ebn\u00eb se partner\u00ebt strategjik t\u00eb Kosov\u00ebs n\u00eb krye me shtetet e Bashkuara t\u00eb Amerik\u00ebs do t\u00eb vazhdojn\u00eb ndihm\u00ebn p\u00ebr Kosov\u00ebn [&hellip;]<\/p>\n","protected":false},"author":1,"featured_media":30484,"comment_status":"open","ping_status":"open","sticky":false,"template":"","format":"standard","meta":{"footnotes":""},"categories":[14],"tags":[58,706,287,1183],"class_list":["post-30483","post","type-post","status-publish","format-standard","has-post-thumbnail","hentry","category-kombetare","tag-fsk","tag-kadri-veseli","tag-kosova","tag-ushtria"],"_links":{"self":[{"href":"https:\/\/prizrenpost.com\/al\/wp-json\/wp\/v2\/posts\/30483","targetHints":{"allow":["GET"]}}],"collection":[{"href":"https:\/\/prizrenpost.com\/al\/wp-json\/wp\/v2\/posts"}],"about":[{"href":"https:\/\/prizrenpost.com\/al\/wp-json\/wp\/v2\/types\/post"}],"author":[{"embeddable":true,"href":"https:\/\/prizrenpost.com\/al\/wp-json\/wp\/v2\/users\/1"}],"replies":[{"embeddable":true,"href":"https:\/\/prizrenpost.com\/al\/wp-json\/wp\/v2\/comments?post=30483"}],"version-history":[{"count":0,"href":"https:\/\/prizrenpost.com\/al\/wp-json\/wp\/v2\/posts\/30483\/revisions"}],"wp:featuredmedia":[{"embeddable":true,"href":"https:\/\/prizrenpost.com\/al\/wp-json\/wp\/v2\/media\/30484"}],"wp:attachment":[{"href":"https:\/\/prizrenpost.com\/al\/wp-json\/wp\/v2\/media?parent=30483"}],"wp:term":[{"taxonomy":"category","embeddable":true,"href":"https:\/\/prizrenpost.com\/al\/wp-json\/wp\/v2\/categories?post=30483"},{"taxonomy":"post_tag","embeddable":true,"href":"https:\/\/prizrenpost.com\/al\/wp-json\/wp\/v2\/tags?post=30483"}],"curies":[{"name":"wp","href":"https:\/\/api.w.org\/{rel}","templated":true}]}}