{"id":30612,"date":"2017-03-26T11:56:51","date_gmt":"2017-03-26T09:56:51","guid":{"rendered":"https:\/\/prizrenpost.com\/al\/?p=30612"},"modified":"2017-03-26T11:56:51","modified_gmt":"2017-03-26T09:56:51","slug":"shenohet-18-vjetori-i-masakres-ne-krushe-te-madhe","status":"publish","type":"post","link":"https:\/\/prizrenpost.com\/al\/shenohet-18-vjetori-i-masakres-ne-krushe-te-madhe\/","title":{"rendered":"Sh\u00ebnohet 18-vjetori i masakr\u00ebs n\u00eb Krush\u00eb t\u00eb Madhe"},"content":{"rendered":"<p><img decoding=\"async\" src=\"https:\/\/prizrenpost.com\/al\/wp-content\/uploads\/krusha.jpg\" alt=\"\" width=\"100%\" height=\"\" class=\"alignleft size-full wp-image-30613\" srcset=\"https:\/\/prizrenpost.com\/al\/wp-content\/uploads\/krusha.jpg 780w, https:\/\/prizrenpost.com\/al\/wp-content\/uploads\/krusha-300x169.jpg 300w, https:\/\/prizrenpost.com\/al\/wp-content\/uploads\/krusha-768x432.jpg 768w\" sizes=\"(max-width: 780px) 100vw, 780px\" \/><\/p>\n<p><strong>Rahovec &#8211; Sot sh\u00ebnohet 18-vjetori i masakr\u00ebs s\u00eb fshatit Krush\u00eb e Madhe t\u00eb Komun\u00ebs s\u00eb Rahovecit.<\/strong><\/p>\n<p>Me k\u00ebt\u00eb rast, do t\u00eb organizohet tubim p\u00ebrkujtimor n\u00eb Kompleksin Memorial n\u00eb Krush\u00eb t\u00eb Madhe, p\u00ebr t\u00eb kujtuar masakr\u00ebn e kryer nga forcat serbe m\u00eb 26 mars 1999.<\/p>\n","protected":false},"excerpt":{"rendered":"<p>Rahovec &#8211; Sot sh\u00ebnohet 18-vjetori i masakr\u00ebs s\u00eb fshatit Krush\u00eb e Madhe t\u00eb Komun\u00ebs s\u00eb Rahovecit. Me k\u00ebt\u00eb rast, do t\u00eb organizohet tubim p\u00ebrkujtimor n\u00eb Kompleksin Memorial n\u00eb Krush\u00eb t\u00eb Madhe, p\u00ebr t\u00eb kujtuar masakr\u00ebn e kryer nga forcat serbe m\u00eb 26 mars 1999.<\/p>\n","protected":false},"author":1,"featured_media":30613,"comment_status":"open","ping_status":"open","sticky":false,"template":"","format":"standard","meta":{"footnotes":""},"categories":[14],"tags":[3762,1638,3761],"class_list":["post-30612","post","type-post","status-publish","format-standard","has-post-thumbnail","hentry","category-kombetare","tag-18-vjetori","tag-krusha-e-madhe","tag-masakra"],"_links":{"self":[{"href":"https:\/\/prizrenpost.com\/al\/wp-json\/wp\/v2\/posts\/30612","targetHints":{"allow":["GET"]}}],"collection":[{"href":"https:\/\/prizrenpost.com\/al\/wp-json\/wp\/v2\/posts"}],"about":[{"href":"https:\/\/prizrenpost.com\/al\/wp-json\/wp\/v2\/types\/post"}],"author":[{"embeddable":true,"href":"https:\/\/prizrenpost.com\/al\/wp-json\/wp\/v2\/users\/1"}],"replies":[{"embeddable":true,"href":"https:\/\/prizrenpost.com\/al\/wp-json\/wp\/v2\/comments?post=30612"}],"version-history":[{"count":0,"href":"https:\/\/prizrenpost.com\/al\/wp-json\/wp\/v2\/posts\/30612\/revisions"}],"wp:featuredmedia":[{"embeddable":true,"href":"https:\/\/prizrenpost.com\/al\/wp-json\/wp\/v2\/media\/30613"}],"wp:attachment":[{"href":"https:\/\/prizrenpost.com\/al\/wp-json\/wp\/v2\/media?parent=30612"}],"wp:term":[{"taxonomy":"category","embeddable":true,"href":"https:\/\/prizrenpost.com\/al\/wp-json\/wp\/v2\/categories?post=30612"},{"taxonomy":"post_tag","embeddable":true,"href":"https:\/\/prizrenpost.com\/al\/wp-json\/wp\/v2\/tags?post=30612"}],"curies":[{"name":"wp","href":"https:\/\/api.w.org\/{rel}","templated":true}]}}