{"id":30629,"date":"2017-03-28T23:57:46","date_gmt":"2017-03-28T21:57:46","guid":{"rendered":"https:\/\/prizrenpost.com\/al\/?p=30629"},"modified":"2017-03-28T23:57:46","modified_gmt":"2017-03-28T21:57:46","slug":"a-po-shendrohet-kosova-ne-krahine-te-varur-nga-jugosllavia-moderne-serbia-europiane","status":"publish","type":"post","link":"https:\/\/prizrenpost.com\/al\/a-po-shendrohet-kosova-ne-krahine-te-varur-nga-jugosllavia-moderne-serbia-europiane\/","title":{"rendered":"A po sh\u00ebndrohet Kosova n\u00eb krahin\u00eb t\u00eb varur nga &#8220;Jugosllavia&#8221; moderne &#8211; Serbia Europiane?!"},"content":{"rendered":"<div id=\"attachment_30631\" style=\"width: 260px\" class=\"wp-caption alignleft\"><img loading=\"lazy\" decoding=\"async\" aria-describedby=\"caption-attachment-30631\" src=\"https:\/\/prizrenpost.com\/al\/wp-content\/uploads\/Gen-Kelmendi.jpg\" alt=\"\" width=\"250\" height=\"250\" class=\"size-full wp-image-30631\" \/><p id=\"caption-attachment-30631\" class=\"wp-caption-text\"><b>Gen KELMENDI<\/b><\/p><\/div>\n<p>Kan\u00eb kaluar 17 vite nga lufta e Kosov\u00ebs dhe 9 vite nga shpallja e saj shtet i pavarur. Jemi shteti m\u00eb i mbrojtur dhe m\u00eb i sigurt ushtarakisht n\u00eb rajon dhe europ\u00eb &#8211; p\u00ebr shkak t\u00eb prezenc\u00ebs s\u00eb madhe ushtarake te NATO-s\u00eb q\u00eb asnj\u00eb vend tjet\u00ebr n\u00eb bot\u00eb nuk e ka at\u00eb. Jemi shtet aletat me superfuqit\u00eb e bot\u00ebs, Amerik\u00ebn n\u00eb nj\u00eb an\u00eb, Turqin\u00eb nga ana tjet\u00ebr. Jemi njohur si shtet me t\u00eb drejta t\u00eb plota nga nj\u00eb s\u00ebr shtetesh europiane, shtete superfuqi dhe an\u00ebtare t\u00eb NATO-s\u00eb e Bashkimit Europian. Megjithat\u00eb, mjafton vet\u00ebm nj\u00eb tren me udh\u00ebtar civil serb t\u00eb tentoj t\u00eb kaloj p\u00ebrmes kufirit t\u00eb shteti ton\u00eb dhe ne t\u00eb terrorizohemi nga frika se mos po biem p\u00ebrseri n\u00ebn pushtimin serb dhe t\u2019a humbim k\u00ebt\u00eb pak shtet q\u00eb na ka mbetur!<\/p>\n<p>Serbia nuk ka nevoj\u00eb t\u00eb hyj\u00eb me ushtri n\u00eb Veri t\u00eb Mitrovic\u00ebs p\u00ebr ta marrur at\u00eb. Ajo i blen\u00eb apo i sponzorizon mediat n\u00eb Kosov\u00eb. Mediat veprojn\u00eb kund\u00ebr klas\u00ebs politike. Politika -politikan\u00ebt e korruptuar- detyrohen t&#8217;i n\u00ebnshtrohen mediave. Politikan\u00ebt e n\u00ebshtruar p\u00ebr t&#8217;u pastruar dhe p\u00ebr t\u00eb shp\u00ebtuar kokat e tyre, n\u00ebnshkruajn\u00eb marrveshjen p\u00ebr asociacionin e komunave serbe n\u00eb veri, pra shitjen e veriut t\u00eb Mitrovic\u00ebs, me pretendimin se kan\u00eb presion nga faktori nd\u00ebrkomb\u00ebtar.<\/p>\n<p>M\u00eb pas vijn\u00eb zgjedhjet. Pak para zgjedhjeve qeveria p\u00ebrshpejton procesin\u00eb e themelimit t\u00eb Ushtris\u00eb s\u00eb Kosov\u00ebs, n\u00eb m\u00ebnyr\u00eb q\u00eb t\u00eb fitoj vota p\u00ebrmes saj.\u00a0<br \/>\nPoashtu pak para fushat\u00ebs do t\u00eb p\u00ebrfundoj procesi gjyq\u00ebsor\u00eb p\u00ebr Shefqet Krasniqin -vie fjala-, apo grupin\u00eb e imam\u00ebve elitar\u00eb, duke e mbyllur mbrenda ndonj\u00ebrin nga ta n\u00eb m\u00ebnyr\u00eb q\u00eb t\u00eb arsyetohet (mos) puna e qeveris\u00eb n\u00eb luftimin e terrorismit dhe radikalizmit t\u00eb pretenduar Islam.\u00a0<\/p>\n<p>Gjat\u00eb fushat\u00ebs zgjedhore do t\u00eb p\u00ebrdoret si &#8216;joker&#8217; barrikada n\u00eb veri t\u00eb Mitrovic\u00ebs &#8220;n\u00ebse ne vijm\u00eb n\u00eb pushtet do ta heqim murrin n\u00eb veri&#8221;. Dhe gjithashtu premtimet e rrejshme p\u00ebr liberalizimin e vizave.<\/p>\n<p><img decoding=\"async\" src=\"https:\/\/prizrenpost.com\/al\/wp-content\/uploads\/Picture1.png\" alt=\"\" width=\"100%\" height=\"\" class=\"alignleft size-full wp-image-30630\" srcset=\"https:\/\/prizrenpost.com\/al\/wp-content\/uploads\/Picture1.png 1285w, https:\/\/prizrenpost.com\/al\/wp-content\/uploads\/Picture1-300x173.png 300w, https:\/\/prizrenpost.com\/al\/wp-content\/uploads\/Picture1-768x442.png 768w, https:\/\/prizrenpost.com\/al\/wp-content\/uploads\/Picture1-1024x589.png 1024w\" sizes=\"(max-width: 1285px) 100vw, 1285px\" \/><\/p>\n<p>Pas zgjedhjeve, n\u00eb sken\u00ebn politike do ta kemi p\u00ebrseri t\u00eb njejt\u00ebn klas\u00eb politike q\u00eb p\u00ebr interesa t\u00eb tyre shesin\u00eb p\u00ebrgjegj\u00ebsin\u00eb shtet\u00ebrore n\u00eb d\u00ebm t\u00eb qytetar\u00ebve t\u00eb saj. Situata do t\u00eb jet\u00eb e njejt\u00eb. Veriu do t\u00eb mbetet jasht\u00eb fatit t\u00eb shqiptar\u00ebve, nd\u00ebrsa Jugu i Mitorovic\u00ebs do t\u00eb jet\u00eb n\u00eb presion t\u00eb madh nga rritja e madhe e ndikimit t\u00eb serb\u00ebve t\u00eb veriut, dhe do t\u00eb detyroh\u00ebn t\u00eb fillojn\u00eb t\u00eb zbraps\u00ebn e t\u00eb t\u00ebrhiq\u00ebn nga aty, p\u00ebr shkak\u00ebt t\u00eb paaft\u00ebsis\u00eb s\u00eb qeveris\u00eb s\u00eb Kosov\u00ebs p\u00ebr t&#8217;i mbrojtur dinjitetsh\u00ebm ata.<\/p>\n<p>Dhe n\u00eb fund, pasi t&#8217;i kemi ndihmuar Serbis\u00eb t\u00eb futet n\u00eb BE p\u00ebrmes bisedimeve pa kushte; dhe pasi t&#8217;ia kem falur veriun e Mitorivic\u00ebs p\u00ebrmes k\u00ebtyre bisedimeve; dhe pasi t&#8217;jemi b\u00ebr\u00eb t\u00eb varrur nga ekonomia dhe importi i mall\u00ebrave serbe duke i d\u00ebmtuar bisneset tona dhe ekonomin\u00eb ton\u00eb; n\u00eb fund, Serbia do e pengoj Kosov\u00ebn t\u00eb futet n\u00eb Bashkimin Europian, dhe me k\u00ebt\u00eb rast, me k\u00ebto kushte dhe k\u00ebto rrethana, ne do t\u00eb b\u00ebhemi p\u00ebrseri krahin\u00eb e varrur nga &#8220;Jugosllavia&#8221; moderne &#8211; Serbia europiane!<\/p>\n<p>Ky \u00ebsht\u00eb fati yn\u00eb, ne e \u00e7\u00ebndis\u00ebm at\u00eb, me vot\u00ebn ton\u00eb, me militantizmin ton\u00eb t\u00eb verb\u00ebr partiak, fat\u00ebkeq\u00ebsisht\u00eb!<\/p>\n<p><strong>*Opinionet e autor\u00ebve nuk paraqesin domosdoshm\u00ebrisht edhe opinionin e Prizren Post.<\/strong><\/p>\n","protected":false},"excerpt":{"rendered":"<p>Kan\u00eb kaluar 17 vite nga lufta e Kosov\u00ebs dhe 9 vite nga shpallja e saj shtet i pavarur. Jemi shteti m\u00eb i mbrojtur dhe m\u00eb i sigurt ushtarakisht n\u00eb rajon dhe europ\u00eb &#8211; p\u00ebr shkak t\u00eb prezenc\u00ebs s\u00eb madhe ushtarake te NATO-s\u00eb q\u00eb asnj\u00eb vend tjet\u00ebr n\u00eb bot\u00eb nuk e ka at\u00eb. Jemi shtet aletat [&hellip;]<\/p>\n","protected":false},"author":1,"featured_media":0,"comment_status":"open","ping_status":"open","sticky":false,"template":"","format":"standard","meta":{"footnotes":""},"categories":[8],"tags":[2182,119],"class_list":["post-30629","post","type-post","status-publish","format-standard","hentry","category-opinione","tag-gen-kelmendi","tag-opinione"],"_links":{"self":[{"href":"https:\/\/prizrenpost.com\/al\/wp-json\/wp\/v2\/posts\/30629","targetHints":{"allow":["GET"]}}],"collection":[{"href":"https:\/\/prizrenpost.com\/al\/wp-json\/wp\/v2\/posts"}],"about":[{"href":"https:\/\/prizrenpost.com\/al\/wp-json\/wp\/v2\/types\/post"}],"author":[{"embeddable":true,"href":"https:\/\/prizrenpost.com\/al\/wp-json\/wp\/v2\/users\/1"}],"replies":[{"embeddable":true,"href":"https:\/\/prizrenpost.com\/al\/wp-json\/wp\/v2\/comments?post=30629"}],"version-history":[{"count":0,"href":"https:\/\/prizrenpost.com\/al\/wp-json\/wp\/v2\/posts\/30629\/revisions"}],"wp:attachment":[{"href":"https:\/\/prizrenpost.com\/al\/wp-json\/wp\/v2\/media?parent=30629"}],"wp:term":[{"taxonomy":"category","embeddable":true,"href":"https:\/\/prizrenpost.com\/al\/wp-json\/wp\/v2\/categories?post=30629"},{"taxonomy":"post_tag","embeddable":true,"href":"https:\/\/prizrenpost.com\/al\/wp-json\/wp\/v2\/tags?post=30629"}],"curies":[{"name":"wp","href":"https:\/\/api.w.org\/{rel}","templated":true}]}}