{"id":3094,"date":"2013-10-21T00:03:40","date_gmt":"2013-10-20T22:03:40","guid":{"rendered":"http:\/\/prizrenpost.com\/al\/?p=3094"},"modified":"2020-08-26T17:12:07","modified_gmt":"2020-08-26T15:12:07","slug":"rrefehet-vulin-eca-maleve-per-te-hyre-ne-kosove","status":"publish","type":"post","link":"https:\/\/prizrenpost.com\/al\/rrefehet-vulin-eca-maleve-per-te-hyre-ne-kosove\/","title":{"rendered":"Rr\u00ebfehet Vulin: Eca maleve p\u00ebr t\u00eb hyr\u00eb n\u00eb Kosov\u00eb"},"content":{"rendered":"<p><img decoding=\"async\" src=\"https:\/\/prizrenpost.com\/al\/wp-content\/uploads\/2013\/10\/vulin-1.jpg\" alt=\"\" width=\"100%\" height=\"\" class=\"alignleft size-full wp-image-59835\" srcset=\"https:\/\/prizrenpost.com\/al\/wp-content\/uploads\/2013\/10\/vulin-1.jpg 580w, https:\/\/prizrenpost.com\/al\/wp-content\/uploads\/2013\/10\/vulin-1-300x200.jpg 300w\" sizes=\"(max-width: 580px) 100vw, 580px\" \/><\/p>\n<p><strong>Beograd, 20 tetor &#8211; Ministri p\u00ebr Kosov\u00eb n\u00eb Qeverin\u00eb e Serbis\u00eb, Aleksand\u00ebr Vulin \u00ebsht\u00eb shnd\u00ebrruar n\u00eb nj\u00eb hero n\u00eb Serbi.<\/strong><\/p>\n<p>Ai ia doli q\u00eb p\u00ebrkund\u00ebr kund\u00ebrshtimeve dhe ndales\u00ebs s\u00eb Qeveris\u00eb s\u00eb Kosov\u00ebs t\u00eb hyj\u00eb n\u00eb territorin ton\u00eb. Ai p\u00ebr agjencin\u00eb e lajmeve News ka rr\u00ebfyer se hyrja e tij k\u00ebtu nuk ishte edhe aq e leht\u00eb mir\u00ebpo fal\u00eb aft\u00ebsive t\u00eb tij ushtarake ai e ka b\u00ebr\u00eb nj\u00eb gj\u00eb t\u00eb till\u00eb, transmeton Z\u00ebri. <\/p>\n<p>Ai rr\u00ebfen aventur\u00ebn e tij si n\u00ebp\u00ebr filmat hollywoodian. Ai ka th\u00ebn\u00eb se p\u00ebr tri dit\u00eb e tri net ka l\u00ebvizur n\u00ebp\u00ebr mal ku me raste \u00ebsht\u00eb detyruar q\u00eb t\u00eb ngjyroset me balt\u00eb q\u00eb t\u00eb mos v\u00ebrehet nga policia kufitare e Kosov\u00ebs. Nd\u00ebrsa p\u00ebr t\u00eb vazhduar m\u00eb t\u00eb tej kur ishte i lodhur ai kujtonte heroizmat e Che Guevaras.<\/p>\n<p>Ai ka zbuluar se ka l\u00ebvizur vet\u00ebm gjat\u00eb nat\u00ebs kur ka qen\u00eb rreziku m\u00eb i vog\u00ebl p\u00ebr tu dalluar nga policia dhe k\u00ebshtu ia ka dal\u00eb q\u00eb t\u00eb realizoj misionin e tij megjith\u00eb ndales\u00ebn e zyrtar\u00ebve prishtinas.<\/p>\n<p>\u201cNat\u00ebn \u00ebsht\u00eb shum\u00eb e v\u00ebshtir\u00eb q\u00eb t\u00eb m\u00eb dallosh. P\u00ebr k\u00ebt\u00eb fal\u00ebnderimin m\u00eb t\u00eb madh ia jap uniform\u00ebs time t\u00eb zez\u00eb n\u00ebp\u00ebrmes s\u00eb cil\u00ebs n\u00eb p\u00ebrgjith\u00ebsi kam arritur t\u00eb jem i pav\u00ebrejtur. Nj\u00eb nat\u00eb qielli ka qen\u00eb i past\u00ebr dhe h\u00ebna e plot\u00eb, dhe m\u00eb \u00ebsht\u00eb dashur q\u00eb t\u00eb ngjyrosem me balt\u00eb n\u00ebp\u00ebr fytyr\u00eb pasi q\u00eb jam frik\u00ebsuar se teni im i bardh mund t\u00eb zbulohej. N\u00eb nj\u00eb moment af\u00ebr meje \u00ebsht\u00eb afruar nj\u00eb grup i njer\u00ebzve mir\u00ebpo p\u00ebr fat t\u00eb mir\u00eb ia kam dal\u00eb q\u00eb t\u00eb fshihem. Jam mbuluar me gjethe dhe kam pritur gati nj\u00eb or\u00eb derisa ata jan\u00eb larguar\u201d, ka th\u00ebn\u00eb Vulin.<\/p>\n<p>\u201cN\u00eb nj\u00eb moment kam menduar q\u00eb t\u00eb heq dor\u00eb mir\u00ebpo at\u00ebher\u00eb e kam pyetur veten se \u00e7far\u00eb do t\u00eb b\u00ebnte Che Guevara n\u00eb vendin tim. Kjo m\u00eb ka dh\u00ebn\u00eb nj\u00eb forc\u00eb t\u00eb madhe, i kam shqyer pantallonat, kam nxjerr\u00eb thik\u00ebn dhe e kam prer\u00eb k\u00ebmb\u00ebn ku m\u00eb ka kafshuar nj\u00eb gjarp\u00ebr dhe m\u00eb pas kam vazhduar m\u00eb tutje\u201d, ka shtuar ai.<\/p>\n<p>N\u00eb disa raste, Vulin ka pasur ndjenj\u00ebn se ka humbur mir\u00ebpo fal\u00eb ndihm\u00ebs s\u00eb myshkut dhe zemr\u00ebs q\u00eb e ka t\u00ebrhequr nga Kosova ia ka dal\u00eb q\u00eb t\u00eb orientohet.<\/p>\n<p>\u201cShumica m\u00eb pyet\u00ebn se si pata aq shum\u00eb fuqi q\u00eb p\u00ebr tri net t\u00eb udh\u00ebtoj zhagas, t\u00eb pi shi, dhe t\u00eb ha vet\u00ebm manaferra q\u00eb i kam gjetur rrug\u00ebs. Kjo do t\u00eb ishte nj\u00ebjt\u00eb sikur t\u00eb pyesje se si dikush si Karl Marks ka gjetur fuqin\u00eb q\u00eb t\u2019i shkruaj tri v\u00ebllime t\u00eb Kapitalit. P\u00ebr disa gj\u00ebra thjesht\u00eb \u00ebsht\u00eb m\u00eb mir\u00eb mos t\u00eb pyes\u00ebsh fare\u201d, ka p\u00ebrfunduar Vulin.<\/p>\n","protected":false},"excerpt":{"rendered":"<p>Beograd, 20 tetor &#8211; Ministri p\u00ebr Kosov\u00eb n\u00eb Qeverin\u00eb e Serbis\u00eb, Aleksand\u00ebr Vulin \u00ebsht\u00eb shnd\u00ebrruar n\u00eb nj\u00eb hero n\u00eb Serbi. Ai ia doli q\u00eb p\u00ebrkund\u00ebr kund\u00ebrshtimeve dhe ndales\u00ebs s\u00eb Qeveris\u00eb s\u00eb Kosov\u00ebs t\u00eb hyj\u00eb n\u00eb territorin ton\u00eb. Ai p\u00ebr agjencin\u00eb e lajmeve News ka rr\u00ebfyer se hyrja e tij k\u00ebtu nuk ishte edhe aq e [&hellip;]<\/p>\n","protected":false},"author":1,"featured_media":59835,"comment_status":"open","ping_status":"open","sticky":false,"template":"","format":"standard","meta":{"footnotes":""},"categories":[1],"tags":[4714,287,799],"class_list":["post-3094","post","type-post","status-publish","format-standard","has-post-thumbnail","hentry","category-lajme","tag-aleksandar-vulin","tag-kosova","tag-serbia"],"_links":{"self":[{"href":"https:\/\/prizrenpost.com\/al\/wp-json\/wp\/v2\/posts\/3094","targetHints":{"allow":["GET"]}}],"collection":[{"href":"https:\/\/prizrenpost.com\/al\/wp-json\/wp\/v2\/posts"}],"about":[{"href":"https:\/\/prizrenpost.com\/al\/wp-json\/wp\/v2\/types\/post"}],"author":[{"embeddable":true,"href":"https:\/\/prizrenpost.com\/al\/wp-json\/wp\/v2\/users\/1"}],"replies":[{"embeddable":true,"href":"https:\/\/prizrenpost.com\/al\/wp-json\/wp\/v2\/comments?post=3094"}],"version-history":[{"count":1,"href":"https:\/\/prizrenpost.com\/al\/wp-json\/wp\/v2\/posts\/3094\/revisions"}],"predecessor-version":[{"id":59836,"href":"https:\/\/prizrenpost.com\/al\/wp-json\/wp\/v2\/posts\/3094\/revisions\/59836"}],"wp:featuredmedia":[{"embeddable":true,"href":"https:\/\/prizrenpost.com\/al\/wp-json\/wp\/v2\/media\/59835"}],"wp:attachment":[{"href":"https:\/\/prizrenpost.com\/al\/wp-json\/wp\/v2\/media?parent=3094"}],"wp:term":[{"taxonomy":"category","embeddable":true,"href":"https:\/\/prizrenpost.com\/al\/wp-json\/wp\/v2\/categories?post=3094"},{"taxonomy":"post_tag","embeddable":true,"href":"https:\/\/prizrenpost.com\/al\/wp-json\/wp\/v2\/tags?post=3094"}],"curies":[{"name":"wp","href":"https:\/\/api.w.org\/{rel}","templated":true}]}}