{"id":30964,"date":"2017-04-24T01:37:21","date_gmt":"2017-04-23T23:37:21","guid":{"rendered":"https:\/\/prizrenpost.com\/al\/?p=30964"},"modified":"2017-04-24T01:37:21","modified_gmt":"2017-04-23T23:37:21","slug":"macron-dhe-le-pen-ne-rrethin-e-dyte-te-zgjedhjeve-presidenciale-ne-france","status":"publish","type":"post","link":"https:\/\/prizrenpost.com\/al\/macron-dhe-le-pen-ne-rrethin-e-dyte-te-zgjedhjeve-presidenciale-ne-france\/","title":{"rendered":"Macron dhe Le Pen n\u00eb rrethin e dyt\u00eb t\u00eb zgjedhjeve presidenciale n\u00eb Franc\u00eb"},"content":{"rendered":"<p><img decoding=\"async\" src=\"https:\/\/prizrenpost.com\/al\/wp-content\/uploads\/2017\/04\/macron-lepen.jpg\" alt=\"\" width=\"100%\" height=\"\" class=\"alignleft size-full wp-image-30965\" srcset=\"https:\/\/prizrenpost.com\/al\/wp-content\/uploads\/2017\/04\/macron-lepen.jpg 780w, https:\/\/prizrenpost.com\/al\/wp-content\/uploads\/2017\/04\/macron-lepen-300x169.jpg 300w, https:\/\/prizrenpost.com\/al\/wp-content\/uploads\/2017\/04\/macron-lepen-768x432.jpg 768w\" sizes=\"(max-width: 780px) 100vw, 780px\" \/><\/p>\n<p><strong>Paris &#8211; Kandidati i qendr\u00ebs Emmanuel Macron dhe udh\u00ebheq\u00ebsja e s\u00eb djatht\u00ebs ekstreme Marine Le Pen jan\u00eb fitues t\u00eb rrethit t\u00eb par\u00eb t\u00eb zgjedhjeve presidenciale n\u00eb Franc\u00eb.<\/strong><\/p>\n<p>Ministria e Brendshme e Franc\u00ebs tha se nga 20 milion\u00eb votat e num\u00ebruara, Marine Le Pen ka marr\u00eb 24.38 p\u00ebr qind, Emmanuel Macron 22.19 p\u00ebr qind, Fran\u00e7ois Fillon 19.63 p\u00ebr qind dhe Jean-Luc Melechon 18.09 p\u00ebr qind t\u00eb votave.<\/p>\n<p>Kjo p\u00ebrfaq\u00ebson afro gjysm\u00ebn e votave por nuk p\u00ebrfshin\u00eb kryesoret, shkruan BBC.<\/p>\n<p>M\u00eb her\u00ebt, rezultatet e projektuara, nxor\u00ebn Macron me 23.7 p\u00ebr qind nd\u00ebrkoh\u00eb zonj\u00ebn Le Pen me 21.7 p\u00ebr qind t\u00eb votave, ka b\u00ebr\u00eb t\u00eb ditur Televizioni Francez.<\/p>\n<p>T\u00eb dy kandidat\u00ebt jan\u00eb sfiduar nga Fran\u00e7ois Fillon i qendr\u00ebs s\u00eb djatht\u00eb dhe ai i t\u00eb majt\u00ebs ekstreme Jean-Luc M\u00e9lenchon, thon\u00eb projeksionet, transmeton BBC.<\/p>\n<p>Macron dhe Le Pen do t\u00eb p\u00ebrballen n\u00eb balotazh m\u00eb 7 Maj.<\/p>\n","protected":false},"excerpt":{"rendered":"<p>Paris &#8211; Kandidati i qendr\u00ebs Emmanuel Macron dhe udh\u00ebheq\u00ebsja e s\u00eb djatht\u00ebs ekstreme Marine Le Pen jan\u00eb fitues t\u00eb rrethit t\u00eb par\u00eb t\u00eb zgjedhjeve presidenciale n\u00eb Franc\u00eb. Ministria e Brendshme e Franc\u00ebs tha se nga 20 milion\u00eb votat e num\u00ebruara, Marine Le Pen ka marr\u00eb 24.38 p\u00ebr qind, Emmanuel Macron 22.19 p\u00ebr qind, Fran\u00e7ois Fillon [&hellip;]<\/p>\n","protected":false},"author":1,"featured_media":30965,"comment_status":"open","ping_status":"open","sticky":false,"template":"","format":"standard","meta":{"footnotes":""},"categories":[33],"tags":[1377,1289],"class_list":["post-30964","post","type-post","status-publish","format-standard","has-post-thumbnail","hentry","category-europe","tag-france","tag-zgjedhjet-presidenciale"],"_links":{"self":[{"href":"https:\/\/prizrenpost.com\/al\/wp-json\/wp\/v2\/posts\/30964","targetHints":{"allow":["GET"]}}],"collection":[{"href":"https:\/\/prizrenpost.com\/al\/wp-json\/wp\/v2\/posts"}],"about":[{"href":"https:\/\/prizrenpost.com\/al\/wp-json\/wp\/v2\/types\/post"}],"author":[{"embeddable":true,"href":"https:\/\/prizrenpost.com\/al\/wp-json\/wp\/v2\/users\/1"}],"replies":[{"embeddable":true,"href":"https:\/\/prizrenpost.com\/al\/wp-json\/wp\/v2\/comments?post=30964"}],"version-history":[{"count":0,"href":"https:\/\/prizrenpost.com\/al\/wp-json\/wp\/v2\/posts\/30964\/revisions"}],"wp:featuredmedia":[{"embeddable":true,"href":"https:\/\/prizrenpost.com\/al\/wp-json\/wp\/v2\/media\/30965"}],"wp:attachment":[{"href":"https:\/\/prizrenpost.com\/al\/wp-json\/wp\/v2\/media?parent=30964"}],"wp:term":[{"taxonomy":"category","embeddable":true,"href":"https:\/\/prizrenpost.com\/al\/wp-json\/wp\/v2\/categories?post=30964"},{"taxonomy":"post_tag","embeddable":true,"href":"https:\/\/prizrenpost.com\/al\/wp-json\/wp\/v2\/tags?post=30964"}],"curies":[{"name":"wp","href":"https:\/\/api.w.org\/{rel}","templated":true}]}}