{"id":30990,"date":"2017-04-27T15:49:03","date_gmt":"2017-04-27T13:49:03","guid":{"rendered":"https:\/\/prizrenpost.com\/al\/?p=30990"},"modified":"2017-04-27T15:49:03","modified_gmt":"2017-04-27T13:49:03","slug":"lirohet-ramush-haradinaj-edhe-nje-fitore-per-uck-ne","status":"publish","type":"post","link":"https:\/\/prizrenpost.com\/al\/lirohet-ramush-haradinaj-edhe-nje-fitore-per-uck-ne\/","title":{"rendered":"Lirohet Ramush Haradinaj, edhe nj\u00eb fitore p\u00ebr U\u00c7K-n\u00eb"},"content":{"rendered":"<p><img decoding=\"async\" src=\"https:\/\/prizrenpost.com\/al\/wp-content\/uploads\/2017\/04\/ramushi.jpg\" alt=\"\" width=\"100%\" height=\"\" class=\"alignleft size-full wp-image-30991\" srcset=\"https:\/\/prizrenpost.com\/al\/wp-content\/uploads\/2017\/04\/ramushi.jpg 780w, https:\/\/prizrenpost.com\/al\/wp-content\/uploads\/2017\/04\/ramushi-300x169.jpg 300w, https:\/\/prizrenpost.com\/al\/wp-content\/uploads\/2017\/04\/ramushi-768x432.jpg 768w\" sizes=\"(max-width: 780px) 100vw, 780px\" \/><\/p>\n<p><strong>Colmar\/Franc\u00eb &#8211; Gjykata n\u00eb Colmar t\u00eb Franc\u00ebs ka vendosur p\u00ebr lirimin e liderit t\u00eb Aleanc\u00ebs p\u00ebr Ardhm\u00ebrin\u00eb e Kosov\u00ebs, ish-kryeministrit, Ramush Hardinaj.<\/strong><\/p>\n<p>Edhe nj\u00eb her\u00eb u d\u00ebshmua se lufta \u00e7lirimtare e Kosov\u00ebs fitoi kund\u00ebr okupator\u00ebve dhe pretenduesve serb\u00eb. Haradinaj pritet t\u00eb kthehet sot n\u00eb Kosov\u00eb.<\/p>\n","protected":false},"excerpt":{"rendered":"<p>Colmar\/Franc\u00eb &#8211; Gjykata n\u00eb Colmar t\u00eb Franc\u00ebs ka vendosur p\u00ebr lirimin e liderit t\u00eb Aleanc\u00ebs p\u00ebr Ardhm\u00ebrin\u00eb e Kosov\u00ebs, ish-kryeministrit, Ramush Hardinaj. Edhe nj\u00eb her\u00eb u d\u00ebshmua se lufta \u00e7lirimtare e Kosov\u00ebs fitoi kund\u00ebr okupator\u00ebve dhe pretenduesve serb\u00eb. Haradinaj pritet t\u00eb kthehet sot n\u00eb Kosov\u00eb.<\/p>\n","protected":false},"author":1,"featured_media":30991,"comment_status":"open","ping_status":"open","sticky":false,"template":"","format":"standard","meta":{"footnotes":""},"categories":[2],"tags":[3799,1377,1441,3798,1140],"class_list":["post-30990","post","type-post","status-publish","format-standard","has-post-thumbnail","hentry","category-aktuale","tag-colmar","tag-france","tag-gjykata","tag-lirohet","tag-ramush-haradinaj"],"_links":{"self":[{"href":"https:\/\/prizrenpost.com\/al\/wp-json\/wp\/v2\/posts\/30990","targetHints":{"allow":["GET"]}}],"collection":[{"href":"https:\/\/prizrenpost.com\/al\/wp-json\/wp\/v2\/posts"}],"about":[{"href":"https:\/\/prizrenpost.com\/al\/wp-json\/wp\/v2\/types\/post"}],"author":[{"embeddable":true,"href":"https:\/\/prizrenpost.com\/al\/wp-json\/wp\/v2\/users\/1"}],"replies":[{"embeddable":true,"href":"https:\/\/prizrenpost.com\/al\/wp-json\/wp\/v2\/comments?post=30990"}],"version-history":[{"count":0,"href":"https:\/\/prizrenpost.com\/al\/wp-json\/wp\/v2\/posts\/30990\/revisions"}],"wp:featuredmedia":[{"embeddable":true,"href":"https:\/\/prizrenpost.com\/al\/wp-json\/wp\/v2\/media\/30991"}],"wp:attachment":[{"href":"https:\/\/prizrenpost.com\/al\/wp-json\/wp\/v2\/media?parent=30990"}],"wp:term":[{"taxonomy":"category","embeddable":true,"href":"https:\/\/prizrenpost.com\/al\/wp-json\/wp\/v2\/categories?post=30990"},{"taxonomy":"post_tag","embeddable":true,"href":"https:\/\/prizrenpost.com\/al\/wp-json\/wp\/v2\/tags?post=30990"}],"curies":[{"name":"wp","href":"https:\/\/api.w.org\/{rel}","templated":true}]}}