{"id":31024,"date":"2017-04-28T15:32:31","date_gmt":"2017-04-28T13:32:31","guid":{"rendered":"https:\/\/prizrenpost.com\/al\/?p=31024"},"modified":"2017-04-28T15:32:31","modified_gmt":"2017-04-28T13:32:31","slug":"france-reagojne-mediat-kunder-le-pen","status":"publish","type":"post","link":"https:\/\/prizrenpost.com\/al\/france-reagojne-mediat-kunder-le-pen\/","title":{"rendered":"Franc\u00eb, reagojn\u00eb mediat kund\u00ebr Le Pen"},"content":{"rendered":"<p><img decoding=\"async\" src=\"https:\/\/prizrenpost.com\/al\/wp-content\/uploads\/2017\/04\/lepen.jpg\" alt=\"\" width=\"100%\" height=\"\" class=\"alignleft size-full wp-image-31025\" srcset=\"https:\/\/prizrenpost.com\/al\/wp-content\/uploads\/2017\/04\/lepen.jpg 863w, https:\/\/prizrenpost.com\/al\/wp-content\/uploads\/2017\/04\/lepen-300x169.jpg 300w, https:\/\/prizrenpost.com\/al\/wp-content\/uploads\/2017\/04\/lepen-768x432.jpg 768w\" sizes=\"(max-width: 863px) 100vw, 863px\" \/><\/p>\n<p><strong>Paris &#8211; N\u00eb Franc\u00eb 28 sht\u00ebpi mediatike kan\u00eb reaguar ndaj kandidates presidenciale nga e djathta ekstreme Marine Le Pen p\u00ebr kufizimet dhe pengesat q\u00eb zbaton gjat\u00eb mitingjeve, raporton Anadolu Agency.<\/strong><\/p>\n<p>Sipas nj\u00eb artikulli t\u00eb gazet\u00ebs Le Monde, 28 sht\u00ebpi mediatike kan\u00eb n\u00ebnshkruar nj\u00eb dokument t\u00eb p\u00ebrbashk\u00ebt n\u00eb shenj\u00eb reagimi ndaj ndalimit t\u00eb ndjekjes s\u00eb shum\u00eb mitingjeve nga mediat dhe pengimin e informimit t\u00eb opinionit publik.<\/p>\n<p>N\u00eb mesin e institucioneve mediatike q\u00eb kan\u00eb n\u00ebnshkruar dokumentin jan\u00eb Le Monde, Le Point, Mediapart, L&#8217;Obs, Le Figaro, France 2, France 24, Lib\u00e9ration dhe M6.<\/p>\n<p>N\u00eb shkrim thuhet se Le Pen merr vendim vet p\u00ebr mediat q\u00eb do t&#8217;i ndjekin mitingjet e saj dhe se partit\u00eb politike nuk kan\u00eb t\u00eb drejt\u00eb t\u00eb nd\u00ebrhyjn\u00eb n\u00eb pun\u00ebt e mediave.<\/p>\n<p>Ndryshe, n\u00eb raundin e par\u00eb t\u00eb zgjedhjeve presidenciale q\u00eb u mbajt\u00ebn n\u00eb Franc\u00eb m\u00eb 23 prill, lideri i l\u00ebvizjes &#8220;En Marche&#8221; Emmanuel Macron mori 24.01 p\u00ebrqind t\u00eb votave kurse Le Pen 21.3 p\u00ebrqind. Raundi i dyt\u00eb n\u00eb t\u00eb cilin do t\u00eb garojn\u00eb Macron dhe Le Pen do t\u00eb mbahet m\u00eb 7 maj.<\/p>\n","protected":false},"excerpt":{"rendered":"<p>Paris &#8211; N\u00eb Franc\u00eb 28 sht\u00ebpi mediatike kan\u00eb reaguar ndaj kandidates presidenciale nga e djathta ekstreme Marine Le Pen p\u00ebr kufizimet dhe pengesat q\u00eb zbaton gjat\u00eb mitingjeve, raporton Anadolu Agency. Sipas nj\u00eb artikulli t\u00eb gazet\u00ebs Le Monde, 28 sht\u00ebpi mediatike kan\u00eb n\u00ebnshkruar nj\u00eb dokument t\u00eb p\u00ebrbashk\u00ebt n\u00eb shenj\u00eb reagimi ndaj ndalimit t\u00eb ndjekjes s\u00eb shum\u00eb [&hellip;]<\/p>\n","protected":false},"author":1,"featured_media":31025,"comment_status":"open","ping_status":"open","sticky":false,"template":"","format":"standard","meta":{"footnotes":""},"categories":[24],"tags":[1377,3807,3312],"class_list":["post-31024","post","type-post","status-publish","format-standard","has-post-thumbnail","hentry","category-bote","tag-france","tag-le-pen","tag-mediat"],"_links":{"self":[{"href":"https:\/\/prizrenpost.com\/al\/wp-json\/wp\/v2\/posts\/31024","targetHints":{"allow":["GET"]}}],"collection":[{"href":"https:\/\/prizrenpost.com\/al\/wp-json\/wp\/v2\/posts"}],"about":[{"href":"https:\/\/prizrenpost.com\/al\/wp-json\/wp\/v2\/types\/post"}],"author":[{"embeddable":true,"href":"https:\/\/prizrenpost.com\/al\/wp-json\/wp\/v2\/users\/1"}],"replies":[{"embeddable":true,"href":"https:\/\/prizrenpost.com\/al\/wp-json\/wp\/v2\/comments?post=31024"}],"version-history":[{"count":0,"href":"https:\/\/prizrenpost.com\/al\/wp-json\/wp\/v2\/posts\/31024\/revisions"}],"wp:featuredmedia":[{"embeddable":true,"href":"https:\/\/prizrenpost.com\/al\/wp-json\/wp\/v2\/media\/31025"}],"wp:attachment":[{"href":"https:\/\/prizrenpost.com\/al\/wp-json\/wp\/v2\/media?parent=31024"}],"wp:term":[{"taxonomy":"category","embeddable":true,"href":"https:\/\/prizrenpost.com\/al\/wp-json\/wp\/v2\/categories?post=31024"},{"taxonomy":"post_tag","embeddable":true,"href":"https:\/\/prizrenpost.com\/al\/wp-json\/wp\/v2\/tags?post=31024"}],"curies":[{"name":"wp","href":"https:\/\/api.w.org\/{rel}","templated":true}]}}