{"id":31064,"date":"2017-05-02T13:13:12","date_gmt":"2017-05-02T11:13:12","guid":{"rendered":"https:\/\/prizrenpost.com\/al\/?p=31064"},"modified":"2017-05-02T13:13:12","modified_gmt":"2017-05-02T11:13:12","slug":"trump-le-te-hapur-mundesine-per-takim-me-liderin-verikorean","status":"publish","type":"post","link":"https:\/\/prizrenpost.com\/al\/trump-le-te-hapur-mundesine-per-takim-me-liderin-verikorean\/","title":{"rendered":"Trump l\u00eb t\u00eb hapur mund\u00ebsin\u00eb p\u00ebr takim me liderin verikorean"},"content":{"rendered":"<p><img decoding=\"async\" src=\"https:\/\/prizrenpost.com\/al\/wp-content\/uploads\/2017\/05\/trump.jpg\" alt=\"\" width=\"100%\" height=\"\" class=\"alignleft size-full wp-image-31065\" srcset=\"https:\/\/prizrenpost.com\/al\/wp-content\/uploads\/2017\/05\/trump.jpg 863w, https:\/\/prizrenpost.com\/al\/wp-content\/uploads\/2017\/05\/trump-300x169.jpg 300w, https:\/\/prizrenpost.com\/al\/wp-content\/uploads\/2017\/05\/trump-768x432.jpg 768w\" sizes=\"(max-width: 863px) 100vw, 863px\" \/><\/p>\n<p><strong>Washington &#8211; Presidenti amerikan Donald Trump ka l\u00ebn\u00eb t\u00eb hapur mund\u00ebsin\u00eb p\u00ebr nj\u00eb takim t\u00eb ardhsh\u00ebm me liderin e Kores\u00eb s\u00eb Veriut, Kim Jong Un. Ai dha l\u00ebvdata t\u00eb pazakonta p\u00ebr liderin n\u00eb nj\u00eb koh\u00eb t\u00eb rritjes s\u00eb tensioneve b\u00ebrthamore, transmeton Anadolu Agency.<\/strong><\/p>\n<p>Sht\u00ebpia e Bardh\u00eb ka p\u00ebrg\u00ebnjeshtruar se nj\u00eb takim i till\u00eb mund t\u00eb mbahet n\u00eb nj\u00eb t\u00eb ardhme t\u00eb af\u00ebrt. <\/p>\n<p>Por komentet pajtuese t\u00eb Trump sh\u00ebnuan nj\u00eb largim nga toni i tij m\u00eb i pafalsh\u00ebm ndaj Kores\u00eb s\u00eb Veriut n\u00eb dit\u00ebt e fundit.<\/p>\n<p>Kjo sh\u00ebnoi ngurrimin e fundit kur administrata e Trump p\u00ebrpiqet t\u00eb shpjegoj\u00eb politik\u00ebn e saj p\u00ebr adresimin e k\u00ebrc\u00ebnimit n\u00eb rritje nga programi b\u00ebrthamor i Kores\u00eb s\u00eb Veriut.<\/p>\n","protected":false},"excerpt":{"rendered":"<p>Washington &#8211; Presidenti amerikan Donald Trump ka l\u00ebn\u00eb t\u00eb hapur mund\u00ebsin\u00eb p\u00ebr nj\u00eb takim t\u00eb ardhsh\u00ebm me liderin e Kores\u00eb s\u00eb Veriut, Kim Jong Un. Ai dha l\u00ebvdata t\u00eb pazakonta p\u00ebr liderin n\u00eb nj\u00eb koh\u00eb t\u00eb rritjes s\u00eb tensioneve b\u00ebrthamore, transmeton Anadolu Agency. Sht\u00ebpia e Bardh\u00eb ka p\u00ebrg\u00ebnjeshtruar se nj\u00eb takim i till\u00eb mund t\u00eb [&hellip;]<\/p>\n","protected":false},"author":1,"featured_media":31065,"comment_status":"open","ping_status":"open","sticky":false,"template":"","format":"standard","meta":{"footnotes":""},"categories":[24],"tags":[821,3814,778],"class_list":["post-31064","post","type-post","status-publish","format-standard","has-post-thumbnail","hentry","category-bote","tag-donald-trump","tag-korea-veriore","tag-shba"],"_links":{"self":[{"href":"https:\/\/prizrenpost.com\/al\/wp-json\/wp\/v2\/posts\/31064","targetHints":{"allow":["GET"]}}],"collection":[{"href":"https:\/\/prizrenpost.com\/al\/wp-json\/wp\/v2\/posts"}],"about":[{"href":"https:\/\/prizrenpost.com\/al\/wp-json\/wp\/v2\/types\/post"}],"author":[{"embeddable":true,"href":"https:\/\/prizrenpost.com\/al\/wp-json\/wp\/v2\/users\/1"}],"replies":[{"embeddable":true,"href":"https:\/\/prizrenpost.com\/al\/wp-json\/wp\/v2\/comments?post=31064"}],"version-history":[{"count":0,"href":"https:\/\/prizrenpost.com\/al\/wp-json\/wp\/v2\/posts\/31064\/revisions"}],"wp:featuredmedia":[{"embeddable":true,"href":"https:\/\/prizrenpost.com\/al\/wp-json\/wp\/v2\/media\/31065"}],"wp:attachment":[{"href":"https:\/\/prizrenpost.com\/al\/wp-json\/wp\/v2\/media?parent=31064"}],"wp:term":[{"taxonomy":"category","embeddable":true,"href":"https:\/\/prizrenpost.com\/al\/wp-json\/wp\/v2\/categories?post=31064"},{"taxonomy":"post_tag","embeddable":true,"href":"https:\/\/prizrenpost.com\/al\/wp-json\/wp\/v2\/tags?post=31064"}],"curies":[{"name":"wp","href":"https:\/\/api.w.org\/{rel}","templated":true}]}}