{"id":31070,"date":"2017-05-02T13:27:26","date_gmt":"2017-05-02T11:27:26","guid":{"rendered":"https:\/\/prizrenpost.com\/al\/?p=31070"},"modified":"2017-05-02T13:27:26","modified_gmt":"2017-05-02T11:27:26","slug":"ka-indikacione-se-demarkacioni-do-te-votohet-kete-jave","status":"publish","type":"post","link":"https:\/\/prizrenpost.com\/al\/ka-indikacione-se-demarkacioni-do-te-votohet-kete-jave\/","title":{"rendered":"Ka indikacione se demarkacioni do t\u00eb votohet k\u00ebt\u00eb jav\u00eb"},"content":{"rendered":"<p><img decoding=\"async\" src=\"https:\/\/prizrenpost.com\/al\/wp-content\/uploads\/2017\/05\/demarkacioni.jpg\" alt=\"\" width=\"100%\" height=\"\" class=\"alignleft size-full wp-image-31071\" srcset=\"https:\/\/prizrenpost.com\/al\/wp-content\/uploads\/2017\/05\/demarkacioni.jpg 780w, https:\/\/prizrenpost.com\/al\/wp-content\/uploads\/2017\/05\/demarkacioni-300x169.jpg 300w, https:\/\/prizrenpost.com\/al\/wp-content\/uploads\/2017\/05\/demarkacioni-768x432.jpg 768w\" sizes=\"(max-width: 780px) 100vw, 780px\" \/><\/p>\n<p><strong>Prishtin\u00eb &#8211; Bajram Gecaj, k\u00ebshilltar i kryeministrit t\u00eb Kosov\u00ebs, Isa Mustafa, ka th\u00ebn\u00eb p\u00ebr Telegrafin se ka indikacione pozitive se demarkacioni mund t\u00eb d\u00ebrgohet p\u00ebr votim gjat\u00eb k\u00ebsaj jave n\u00eb Kuvendin e Kosov\u00ebs.<\/strong><\/p>\n<p>Ai ka th\u00ebn\u00eb se jan\u00eb duke punuar vazhdimisht p\u00ebr k\u00ebt\u00eb \u00e7\u00ebshtje dhe shfaqi shpres\u00ebn se gjith\u00e7ka do t\u00eb shkoj\u00eb mir\u00eb.<\/p>\n<p>\u201cKa shenja nga ana e deputet\u00ebve t\u00eb shumic\u00ebs q\u00eb do t\u00eb votohet, por prap\u00eb pritet t\u00eb shihet gjat\u00eb dit\u00ebve n\u00eb vijim\u201d, ka shtuar Gecaj.<\/p>\n<p>Ndryshe, n\u00ebnkryetari i par\u00eb i Lidhjes Demokratike t\u00eb Kosov\u00ebs (LDK), Agim Veliu, ka theksuar t\u00eb premten p\u00ebr Telegrafin se ka shenja se demarkacioni do t\u00eb kaloj\u00eb gjat\u00eb jav\u00ebs s\u00eb ardhshme.<\/p>\n<p>Sipas tij, shefi i Qeveris\u00eb s\u00eb Kosov\u00ebs, Isa Mustafa, \u00ebsht\u00eb duke e shqyrtuar k\u00ebrkes\u00ebn e deputet\u00ebve t\u00eb LDK-s\u00eb, t\u00eb cil\u00ebt kan\u00eb qen\u00eb kund\u00ebr k\u00ebtij versioni t\u00eb demarkimit t\u00eb kufirit, e t\u00eb cilat kan\u00eb th\u00ebn\u00eb se do ta votojn\u00eb shenj\u00ebzimin e vij\u00ebs kufitare me fqinjin per\u00ebndimor, n\u00ebse drafti p\u00ebr demarkacion q\u00eb shkon n\u00eb Kuvend t\u00eb p\u00ebrmbaj\u00eb edhe nj\u00eb pik\u00eb t\u00eb nenit q\u00eb obligon Qeverin\u00eb e Kosov\u00ebs q\u00eb pas dy viteve ta rishqyrtoj\u00eb nj\u00eb pjes\u00eb t\u00eb vij\u00ebs kufitare me Malin e Zi.<\/p>\n<p>Kulla e Zhlepit dhe \u00c7akorri jan\u00eb zonat kufitare q\u00eb k\u00ebta deputet\u00eb duan t\u00eb rishqyrtohen, pasi pretendohet se n\u00eb k\u00ebt\u00eb pjes\u00eb Kosova ka humbur disa hektar\u00eb tok\u00eb, q\u00eb kan\u00eb kaluar n\u00eb pron\u00ebsi t\u00eb Malit t\u00eb Zi.<\/p>\n<p>Veliu ka th\u00ebn\u00eb se Qeveria nuk duhet t\u00eb prishet n\u00eb rast se nuk kalon demarkacioni, sepse \u201ckjo nuk ka qen\u00eb pjes\u00eb e marr\u00ebveshjes n\u00eb mes dy partner\u00ebve q\u00eb e kan\u00eb nd\u00ebrtuar Qeverin\u00eb\u201d.<\/p>\n<p>\u201cQeveria \u00ebsht\u00eb duke punuar dhe po i kryen pun\u00ebt dhe premtimet q\u00eb i ka dh\u00ebn\u00eb. Por, ajo q\u00eb nuk po e kryen pun\u00ebn si duhet \u00ebsht\u00eb Kuvendi i Kosov\u00ebs. N\u00eb an\u00ebn tjet\u00ebr, e kemi nj\u00eb kusht t\u00eb padrejt\u00eb q\u00eb i \u00ebsht\u00eb v\u00ebn\u00eb Kosov\u00ebs p\u00ebr ta marr\u00eb liberalizimin e vizave, si\u00e7 \u00ebsht\u00eb demarkacioni, e q\u00eb ne duhet ta kryejm\u00eb sa m\u00eb shpejt\u201d, pati shtuar ai.<\/p>\n<p>Marr\u00ebveshja m\u00eb e p\u00ebrfolur dhe m\u00eb e kund\u00ebrshtuar deri m\u00eb tani n\u00eb Kosov\u00eb, pritet t\u2019i n\u00ebnshtrohet procedur\u00ebs s\u00eb ratifikimit nga deputet\u00ebt, me gjith\u00eb kund\u00ebrshtimet e opozit\u00ebs dhe nj\u00eb numri t\u00eb deputet\u00ebve nga partit\u00eb n\u00eb pushtet.<\/p>\n<p>Procedimin e k\u00ebsaj marr\u00ebveshjeje n\u00eb Kuvend e ka konfirmuar p\u00ebr media jav\u00ebn e kaluar, z\u00ebdh\u00ebn\u00ebsi i Qeveris\u00eb s\u00eb Kosov\u00ebs, Faton Abdullahu.<\/p>\n<p>Ai ka th\u00ebn\u00eb se kryeministri dhe Qeveria e Kosov\u00ebs i kan\u00eb kryer t\u00eb gjitha obligimet, si n\u00eb aspektin procedural ashtu edhe at\u00eb profesional, q\u00eb \u00e7\u00ebshtja e Demarkacionit t\u00eb procedohet n\u00eb Kuvend.<\/p>\n","protected":false},"excerpt":{"rendered":"<p>Prishtin\u00eb &#8211; Bajram Gecaj, k\u00ebshilltar i kryeministrit t\u00eb Kosov\u00ebs, Isa Mustafa, ka th\u00ebn\u00eb p\u00ebr Telegrafin se ka indikacione pozitive se demarkacioni mund t\u00eb d\u00ebrgohet p\u00ebr votim gjat\u00eb k\u00ebsaj jave n\u00eb Kuvendin e Kosov\u00ebs. Ai ka th\u00ebn\u00eb se jan\u00eb duke punuar vazhdimisht p\u00ebr k\u00ebt\u00eb \u00e7\u00ebshtje dhe shfaqi shpres\u00ebn se gjith\u00e7ka do t\u00eb shkoj\u00eb mir\u00eb. \u201cKa shenja [&hellip;]<\/p>\n","protected":false},"author":1,"featured_media":31071,"comment_status":"open","ping_status":"open","sticky":false,"template":"","format":"standard","meta":{"footnotes":""},"categories":[2],"tags":[3362,909,48],"class_list":["post-31070","post","type-post","status-publish","format-standard","has-post-thumbnail","hentry","category-aktuale","tag-bajram-gecaj","tag-demarkacioni","tag-kosove"],"_links":{"self":[{"href":"https:\/\/prizrenpost.com\/al\/wp-json\/wp\/v2\/posts\/31070","targetHints":{"allow":["GET"]}}],"collection":[{"href":"https:\/\/prizrenpost.com\/al\/wp-json\/wp\/v2\/posts"}],"about":[{"href":"https:\/\/prizrenpost.com\/al\/wp-json\/wp\/v2\/types\/post"}],"author":[{"embeddable":true,"href":"https:\/\/prizrenpost.com\/al\/wp-json\/wp\/v2\/users\/1"}],"replies":[{"embeddable":true,"href":"https:\/\/prizrenpost.com\/al\/wp-json\/wp\/v2\/comments?post=31070"}],"version-history":[{"count":0,"href":"https:\/\/prizrenpost.com\/al\/wp-json\/wp\/v2\/posts\/31070\/revisions"}],"wp:featuredmedia":[{"embeddable":true,"href":"https:\/\/prizrenpost.com\/al\/wp-json\/wp\/v2\/media\/31071"}],"wp:attachment":[{"href":"https:\/\/prizrenpost.com\/al\/wp-json\/wp\/v2\/media?parent=31070"}],"wp:term":[{"taxonomy":"category","embeddable":true,"href":"https:\/\/prizrenpost.com\/al\/wp-json\/wp\/v2\/categories?post=31070"},{"taxonomy":"post_tag","embeddable":true,"href":"https:\/\/prizrenpost.com\/al\/wp-json\/wp\/v2\/tags?post=31070"}],"curies":[{"name":"wp","href":"https:\/\/api.w.org\/{rel}","templated":true}]}}