{"id":31191,"date":"2017-05-14T00:40:15","date_gmt":"2017-05-13T22:40:15","guid":{"rendered":"https:\/\/prizrenpost.com\/al\/?p=31191"},"modified":"2017-05-14T00:42:18","modified_gmt":"2017-05-13T22:42:18","slug":"zaman-i-kajtes","status":"publish","type":"post","link":"https:\/\/prizrenpost.com\/al\/zaman-i-kajtes\/","title":{"rendered":"Zaman i kajt\u00ebs"},"content":{"rendered":"<div id=\"attachment_31193\" style=\"width: 260px\" class=\"wp-caption aligntop\"><img loading=\"lazy\" decoding=\"async\" aria-describedby=\"caption-attachment-31193\" src=\"https:\/\/prizrenpost.com\/al\/wp-content\/uploads\/2017\/05\/liridon-kurti.jpg\" alt=\"\" width=\"250\" height=\"250\" class=\"size-full wp-image-31193\" srcset=\"https:\/\/prizrenpost.com\/al\/wp-content\/uploads\/2017\/05\/liridon-kurti.jpg 300w, https:\/\/prizrenpost.com\/al\/wp-content\/uploads\/2017\/05\/liridon-kurti-150x150.jpg 150w, https:\/\/prizrenpost.com\/al\/wp-content\/uploads\/2017\/05\/liridon-kurti-100x100.jpg 100w\" sizes=\"auto, (max-width: 250px) 100vw, 250px\" \/><p id=\"caption-attachment-31193\" class=\"wp-caption-text\"><b>Liridon KURTI<\/b><\/p><\/div>\n<p>Jan\u00eb \u00e7u n&#8217;kam burrat e dheut<br \/>\nNipa pellazg\u00ebsh e t&#8217;Sk\u00ebnderbeut<br \/>\nEdhe grat\u00eb ren&#8217; s&#8217;po iu l\u00ebshojn\u00eb<br \/>\nSi Teuta me u ba ato po dojn\u00eb<\/p>\n<p>Tan\u00eb t\u2019u u munu me kap di\u00e7ka<br \/>\nMos me i lan\u00eb Kosov\u00ebs gj\u00e2<br \/>\nDojn m&#8217;u ba tetan\u00eb delegat\u00eb<br \/>\nP\u00ebr me vjedh dit&#8217; e nat\u2019<\/p>\n<p>Dit\u00eb p\u00ebr dit\u00eb flasin p\u00ebr ner\u00eb<br \/>\nTybe n&#8217;ta s&#8217;marrin as er\u00eb<br \/>\nS&#8217;ju ka met\u00eb ner\u00eb as sajgi<br \/>\nDuhet me sha t&#8217;shkret\u00ebn Turki<\/p>\n<p>N&#8217;da\u00e7 m&#8217;u ba politi\u010dar me nam<br \/>\nTurkun shaje nan\u00ebe-m\u2019nan\u00eb<br \/>\nP\u00ebr pare s&#8217;njohin as shkab\u00eb<br \/>\nBesa s&#8217;njohin as nan\u00eb e bab\u00eb<\/p>\n<p>\u00c7kepin grushta edhe pluma<br \/>\nP\u00ebr interes kur asht puna<br \/>\nSi mos me kan\u00eb e myt v\u00ebllan\u00eb<br \/>\nA mas dite del e kjan\u00eb<\/p>\n<p>Mos k\u00ebqyrni kisha e xhamia<br \/>\nSe feja e shqyptarit \u00e2sht Partia<br \/>\nPermi t\u00e2 asht ve\u00e7 interesi<br \/>\nP\u00ebr ta s&#8217;tnjeh &#8220;i miri&#8221; se le ma i keqi.<\/p>\n<p><strong>*Opinionet e autor\u00ebve nuk paraqesin domosdoshm\u00ebrisht edhe opinionin e Prizren Post.<\/strong><\/p>\n","protected":false},"excerpt":{"rendered":"<p>Jan\u00eb \u00e7u n&#8217;kam burrat e dheut Nipa pellazg\u00ebsh e t&#8217;Sk\u00ebnderbeut Edhe grat\u00eb ren&#8217; s&#8217;po iu l\u00ebshojn\u00eb Si Teuta me u ba ato po dojn\u00eb Tan\u00eb t\u2019u u munu me kap di\u00e7ka Mos me i lan\u00eb Kosov\u00ebs gj\u00e2 Dojn m&#8217;u ba tetan\u00eb delegat\u00eb P\u00ebr me vjedh dit&#8217; e nat\u2019 Dit\u00eb p\u00ebr dit\u00eb flasin p\u00ebr ner\u00eb Tybe [&hellip;]<\/p>\n","protected":false},"author":1,"featured_media":31193,"comment_status":"open","ping_status":"open","sticky":false,"template":"","format":"standard","meta":{"footnotes":""},"categories":[8],"tags":[2656,3428],"class_list":["post-31191","post","type-post","status-publish","format-standard","has-post-thumbnail","hentry","category-opinione","tag-liridon-kurti","tag-poezi"],"_links":{"self":[{"href":"https:\/\/prizrenpost.com\/al\/wp-json\/wp\/v2\/posts\/31191","targetHints":{"allow":["GET"]}}],"collection":[{"href":"https:\/\/prizrenpost.com\/al\/wp-json\/wp\/v2\/posts"}],"about":[{"href":"https:\/\/prizrenpost.com\/al\/wp-json\/wp\/v2\/types\/post"}],"author":[{"embeddable":true,"href":"https:\/\/prizrenpost.com\/al\/wp-json\/wp\/v2\/users\/1"}],"replies":[{"embeddable":true,"href":"https:\/\/prizrenpost.com\/al\/wp-json\/wp\/v2\/comments?post=31191"}],"version-history":[{"count":0,"href":"https:\/\/prizrenpost.com\/al\/wp-json\/wp\/v2\/posts\/31191\/revisions"}],"wp:featuredmedia":[{"embeddable":true,"href":"https:\/\/prizrenpost.com\/al\/wp-json\/wp\/v2\/media\/31193"}],"wp:attachment":[{"href":"https:\/\/prizrenpost.com\/al\/wp-json\/wp\/v2\/media?parent=31191"}],"wp:term":[{"taxonomy":"category","embeddable":true,"href":"https:\/\/prizrenpost.com\/al\/wp-json\/wp\/v2\/categories?post=31191"},{"taxonomy":"post_tag","embeddable":true,"href":"https:\/\/prizrenpost.com\/al\/wp-json\/wp\/v2\/tags?post=31191"}],"curies":[{"name":"wp","href":"https:\/\/api.w.org\/{rel}","templated":true}]}}