{"id":31196,"date":"2017-05-14T10:15:55","date_gmt":"2017-05-14T08:15:55","guid":{"rendered":"https:\/\/prizrenpost.com\/al\/?p=31196"},"modified":"2017-05-14T10:15:55","modified_gmt":"2017-05-14T08:15:55","slug":"policia-izraelite-vret-nje-te-ri-palestinez","status":"publish","type":"post","link":"https:\/\/prizrenpost.com\/al\/policia-izraelite-vret-nje-te-ri-palestinez\/","title":{"rendered":"Policia izraelite vret nj\u00eb t\u00eb ri palestinez"},"content":{"rendered":"<p><img decoding=\"async\" src=\"https:\/\/prizrenpost.com\/al\/wp-content\/uploads\/2017\/05\/jerusalem.jpg\" alt=\"\" width=\"100%\" height=\"\" class=\"alignleft size-full wp-image-31197\" srcset=\"https:\/\/prizrenpost.com\/al\/wp-content\/uploads\/2017\/05\/jerusalem.jpg 863w, https:\/\/prizrenpost.com\/al\/wp-content\/uploads\/2017\/05\/jerusalem-300x169.jpg 300w, https:\/\/prizrenpost.com\/al\/wp-content\/uploads\/2017\/05\/jerusalem-768x432.jpg 768w\" sizes=\"(max-width: 863px) 100vw, 863px\" \/><\/p>\n<p><strong>Jerusalem &#8211; Me pretendimin se ka plagosur nj\u00eb polic n\u00eb Jerusalemin Lindor \u00ebsht\u00eb vrar\u00eb nj\u00eb i ri palestinez, raporton Anadolu Agency.<\/strong><\/p>\n<p>Luba es Semri, z\u00ebdh\u00ebn\u00ebs i policis\u00eb izraelite, tha se palestinezi u vra p\u00ebr nj\u00eb sulm t\u00eb dyshuar me thik\u00eb ndaj nj\u00eb polici izraelit. Ai nuk zbuloi identitetin e t\u00eb riut.<\/p>\n<p>N\u00eb koh\u00ebt e fundit jan\u00eb shtuar sulmet izraelite ndaj palestinez\u00ebve. Organizatat p\u00ebr t\u00eb drejtat e njeriut akuzojn\u00eb Izraelin p\u00ebr kryerjen e ekzekutimeve pa gjyq t\u00eb palestinez\u00ebve.<\/p>\n<p>Izraeli q\u00eb nga viti 1967 mban n\u00ebn pushtim Jerusalemin Lindor dhe Bregun Per\u00ebndimor. N\u00eb Jerusalemin Lindor jan\u00eb rreth 200 mij\u00eb, kurse n\u00eb Bregun Per\u00ebndimor dy her\u00eb m\u00eb shum\u00eb kolon\u00eb hebrenj. T\u00eb gjitha vendbanimet e reja \u00e7ifute t\u00eb nd\u00ebrtuara n\u00eb at\u00eb zon\u00eb, sipas normave nd\u00ebrkomb\u00ebtare jan\u00eb t\u00eb paligjshme.<\/p>\n<p>Mes Bregut Per\u00ebndimor dhe Jerusalemit, Izraeli ka nd\u00ebrtuar nj\u00eb &#8220;mur ndar\u00ebs&#8221;, me t\u00eb cilin pengon ardhjen e palestinez\u00ebve n\u00eb Jerusalem. Paralelisht me k\u00ebt\u00eb, Izraeli q\u00eb nga viti 2006 mban n\u00ebn embargo edhe Gaz\u00ebn.<\/p>\n","protected":false},"excerpt":{"rendered":"<p>Jerusalem &#8211; Me pretendimin se ka plagosur nj\u00eb polic n\u00eb Jerusalemin Lindor \u00ebsht\u00eb vrar\u00eb nj\u00eb i ri palestinez, raporton Anadolu Agency. Luba es Semri, z\u00ebdh\u00ebn\u00ebs i policis\u00eb izraelite, tha se palestinezi u vra p\u00ebr nj\u00eb sulm t\u00eb dyshuar me thik\u00eb ndaj nj\u00eb polici izraelit. Ai nuk zbuloi identitetin e t\u00eb riut. N\u00eb koh\u00ebt e fundit [&hellip;]<\/p>\n","protected":false},"author":1,"featured_media":31197,"comment_status":"open","ping_status":"open","sticky":false,"template":"","format":"standard","meta":{"footnotes":""},"categories":[24],"tags":[2046,2047],"class_list":["post-31196","post","type-post","status-publish","format-standard","has-post-thumbnail","hentry","category-bote","tag-jerusalem","tag-palestine"],"_links":{"self":[{"href":"https:\/\/prizrenpost.com\/al\/wp-json\/wp\/v2\/posts\/31196","targetHints":{"allow":["GET"]}}],"collection":[{"href":"https:\/\/prizrenpost.com\/al\/wp-json\/wp\/v2\/posts"}],"about":[{"href":"https:\/\/prizrenpost.com\/al\/wp-json\/wp\/v2\/types\/post"}],"author":[{"embeddable":true,"href":"https:\/\/prizrenpost.com\/al\/wp-json\/wp\/v2\/users\/1"}],"replies":[{"embeddable":true,"href":"https:\/\/prizrenpost.com\/al\/wp-json\/wp\/v2\/comments?post=31196"}],"version-history":[{"count":0,"href":"https:\/\/prizrenpost.com\/al\/wp-json\/wp\/v2\/posts\/31196\/revisions"}],"wp:featuredmedia":[{"embeddable":true,"href":"https:\/\/prizrenpost.com\/al\/wp-json\/wp\/v2\/media\/31197"}],"wp:attachment":[{"href":"https:\/\/prizrenpost.com\/al\/wp-json\/wp\/v2\/media?parent=31196"}],"wp:term":[{"taxonomy":"category","embeddable":true,"href":"https:\/\/prizrenpost.com\/al\/wp-json\/wp\/v2\/categories?post=31196"},{"taxonomy":"post_tag","embeddable":true,"href":"https:\/\/prizrenpost.com\/al\/wp-json\/wp\/v2\/tags?post=31196"}],"curies":[{"name":"wp","href":"https:\/\/api.w.org\/{rel}","templated":true}]}}