{"id":31215,"date":"2017-05-16T21:26:28","date_gmt":"2017-05-16T19:26:28","guid":{"rendered":"https:\/\/prizrenpost.com\/al\/?p=31215"},"modified":"2017-05-17T22:28:18","modified_gmt":"2017-05-17T20:28:18","slug":"trump-pres-me-padurim-te-bashkepunoj-me-erdoganin-per-paqen-ne-lindjen-e-mesme","status":"publish","type":"post","link":"https:\/\/prizrenpost.com\/al\/trump-pres-me-padurim-te-bashkepunoj-me-erdoganin-per-paqen-ne-lindjen-e-mesme\/","title":{"rendered":"Trump: Pres me padurim t\u00eb bashk\u00ebpunoj me Erdo\u011fanin p\u00ebr paqen n\u00eb Lindjen e Mesme"},"content":{"rendered":"<p><img decoding=\"async\" src=\"https:\/\/prizrenpost.com\/al\/wp-content\/uploads\/2017\/05\/trump-1.jpg\" alt=\"\" width=\"100%\" height=\"\" class=\"alignleft size-full wp-image-31216\" srcset=\"https:\/\/prizrenpost.com\/al\/wp-content\/uploads\/2017\/05\/trump-1.jpg 864w, https:\/\/prizrenpost.com\/al\/wp-content\/uploads\/2017\/05\/trump-1-300x169.jpg 300w, https:\/\/prizrenpost.com\/al\/wp-content\/uploads\/2017\/05\/trump-1-768x432.jpg 768w\" sizes=\"(max-width: 864px) 100vw, 864px\" \/><\/p>\n<p><strong>Washington &#8211; Presidenti i Shteteve t\u00eb Bashkuara t\u00eb Amerik\u00ebs (SHBA), Donald Trump, n\u00eb konferenc\u00ebn p\u00ebr media n\u00eb Sht\u00ebpin\u00eb e Bardh\u00eb pas takimit me presidentin e Turqis\u00eb, Recep Tayyip Erdo\u011fan, ka th\u00ebn\u00eb se pret me padurim t\u00eb bashk\u00ebpunoj\u00eb me homologun turk Erdo\u011fan n\u00eb arritjen e paqes n\u00eb Lindjen e Mesme dhe p\u00ebr t\u00eb luftuar kund\u00ebr rreziqeve, raporton Anadolu Agency.<\/strong><\/p>\n<p>&#8220;Pres me padurim t\u00eb bashk\u00ebpunoj me presidentin Erdo\u011fan n\u00eb arritjen e paqes dhe siguris\u00eb n\u00eb Lindjen e Mesme, n\u00eb luft\u00ebn kund\u00ebr rreziqeve t\u00eb p\u00ebrbashk\u00ebta dhe p\u00ebr nj\u00eb t\u00eb ardhme dinjitoze p\u00ebr t\u00ebr\u00eb njer\u00ebzimin&#8221;, ka th\u00ebn\u00eb presidenti amerikan Trump.<\/p>\n<p>Trump ka theksuar se SHBA do t\u00eb ofroj\u00eb mb\u00ebshtetje p\u00ebr Turqin\u00eb n\u00eb luft\u00ebn kund\u00ebr grupeve terroriste.<\/p>\n<p>&#8220;Populli turk n\u00eb vitet dhe koh\u00ebt e fundit \u00ebsht\u00eb p\u00ebrballur me sulme t\u00eb tmerrshme terroriste. Ne ndaj t\u00eb prekurve nga k\u00ebto sulme shprehim ngush\u00ebllimet tona dhe p\u00ebr popullin turk ofrojm\u00eb mb\u00ebshtetjen ton\u00eb. Japim mb\u00ebshtetje p\u00ebr Turqin\u00eb n\u00eb luft\u00ebn kund\u00ebr grupeve terroriste si PKK, DEASH dhe i ofrojm\u00eb siguri n\u00eb \u00e7\u00ebshtjen p\u00ebr t\u00eb mos l\u00ebn\u00eb hap\u00ebsir\u00eb sigurie ndaj grupeve terroriste&#8221;, ka deklaruar Trump. <\/p>\n<p>Nd\u00ebr t\u00eb tjera Trump \u00ebsht\u00eb shprehur se, &#8220;D\u00ebshirojm\u00eb t\u00eb forcojm\u00eb lidhjet tona ekonomike dhe tregtare me Turqin\u00eb. K\u00ebto jan\u00eb fusha t\u00eb cilat marr\u00ebdh\u00ebniet tona mund t&#8217;i rind\u00ebrtojm\u00eb n\u00eb m\u00ebnyr\u00eb q\u00eb t\u00eb jen\u00eb n\u00eb interesin e t\u00eb dy vendeve&#8221;.<\/p>\n","protected":false},"excerpt":{"rendered":"<p>Washington &#8211; Presidenti i Shteteve t\u00eb Bashkuara t\u00eb Amerik\u00ebs (SHBA), Donald Trump, n\u00eb konferenc\u00ebn p\u00ebr media n\u00eb Sht\u00ebpin\u00eb e Bardh\u00eb pas takimit me presidentin e Turqis\u00eb, Recep Tayyip Erdo\u011fan, ka th\u00ebn\u00eb se pret me padurim t\u00eb bashk\u00ebpunoj\u00eb me homologun turk Erdo\u011fan n\u00eb arritjen e paqes n\u00eb Lindjen e Mesme dhe p\u00ebr t\u00eb luftuar kund\u00ebr rreziqeve, [&hellip;]<\/p>\n","protected":false},"author":1,"featured_media":31216,"comment_status":"open","ping_status":"open","sticky":false,"template":"","format":"standard","meta":{"footnotes":""},"categories":[24],"tags":[3803,821,2229,778,310],"class_list":["post-31215","post","type-post","status-publish","format-standard","has-post-thumbnail","hentry","category-bote","tag-aktuale","tag-donald-trump","tag-erdogan","tag-shba","tag-turqia"],"_links":{"self":[{"href":"https:\/\/prizrenpost.com\/al\/wp-json\/wp\/v2\/posts\/31215","targetHints":{"allow":["GET"]}}],"collection":[{"href":"https:\/\/prizrenpost.com\/al\/wp-json\/wp\/v2\/posts"}],"about":[{"href":"https:\/\/prizrenpost.com\/al\/wp-json\/wp\/v2\/types\/post"}],"author":[{"embeddable":true,"href":"https:\/\/prizrenpost.com\/al\/wp-json\/wp\/v2\/users\/1"}],"replies":[{"embeddable":true,"href":"https:\/\/prizrenpost.com\/al\/wp-json\/wp\/v2\/comments?post=31215"}],"version-history":[{"count":0,"href":"https:\/\/prizrenpost.com\/al\/wp-json\/wp\/v2\/posts\/31215\/revisions"}],"wp:featuredmedia":[{"embeddable":true,"href":"https:\/\/prizrenpost.com\/al\/wp-json\/wp\/v2\/media\/31216"}],"wp:attachment":[{"href":"https:\/\/prizrenpost.com\/al\/wp-json\/wp\/v2\/media?parent=31215"}],"wp:term":[{"taxonomy":"category","embeddable":true,"href":"https:\/\/prizrenpost.com\/al\/wp-json\/wp\/v2\/categories?post=31215"},{"taxonomy":"post_tag","embeddable":true,"href":"https:\/\/prizrenpost.com\/al\/wp-json\/wp\/v2\/tags?post=31215"}],"curies":[{"name":"wp","href":"https:\/\/api.w.org\/{rel}","templated":true}]}}