{"id":31218,"date":"2017-05-16T21:30:27","date_gmt":"2017-05-16T19:30:27","guid":{"rendered":"https:\/\/prizrenpost.com\/al\/?p=31218"},"modified":"2017-05-16T21:30:27","modified_gmt":"2017-05-16T19:30:27","slug":"serbet-te-ndare-ne-zgjedhjet-e-parakohshme-ne-kosove","status":"publish","type":"post","link":"https:\/\/prizrenpost.com\/al\/serbet-te-ndare-ne-zgjedhjet-e-parakohshme-ne-kosove\/","title":{"rendered":"Serb\u00ebt t\u00eb ndar\u00eb n\u00eb zgjedhjet e parakohshme n\u00eb Kosov\u00eb"},"content":{"rendered":"<p><img decoding=\"async\" src=\"https:\/\/prizrenpost.com\/al\/wp-content\/uploads\/2017\/05\/zgjedhjet-kosove-1-780x439.jpg\" alt=\"\" width=\"100%\" height=\"\" class=\"alignleft size-full wp-image-31219\" srcset=\"https:\/\/prizrenpost.com\/al\/wp-content\/uploads\/2017\/05\/zgjedhjet-kosove-1-780x439.jpg 780w, https:\/\/prizrenpost.com\/al\/wp-content\/uploads\/2017\/05\/zgjedhjet-kosove-1-780x439-300x169.jpg 300w, https:\/\/prizrenpost.com\/al\/wp-content\/uploads\/2017\/05\/zgjedhjet-kosove-1-780x439-768x432.jpg 768w\" sizes=\"(max-width: 780px) 100vw, 780px\" \/><\/p>\n<p><strong>Prishtine &#8211; N\u00eb zgjedhjet e parakohshme parlamentare n\u00eb Kosov\u00eb, ka shum\u00eb gjasa q\u00eb p\u00ebrfaq\u00ebsuesit e serb\u00ebve t\u00eb mos marrin pjes\u00eb t\u00eb bashkuar. Nga Nisma Qytetare e deritashme, Lista Serbe, t\u00eb cil\u00ebn zyrtarisht e p\u00ebrkrah Beogradi, pas shum\u00eb muajsh t\u00eb mospajtimeve dhe n\u00eb fund edhe ndarjes, jan\u00eb krijuar dy parti politike, n\u00eb krye t\u00eb s\u00eb cilave jan\u00eb Sllavko Simiq dhe Aleksandar Jabllanoviq.<\/strong><\/p>\n<p>N\u00eb zgjedhje marrin pjes\u00eb edhe Nisma Qytetare \u201cSDP\u201d e Oliver Ivanoviqit si dhe pjes\u00ebmarr\u00ebsit e deritash\u00ebm n\u00eb Qeveri, Partia e Pavarur Liberale e Sllobodan Petroviqit dhe Partia P\u00ebrparimtare Demokratike e Nenad Rashiqit.<\/p>\n<p>Afati kohor p\u00ebr dor\u00ebzimin e marr\u00ebveshjeve p\u00ebr koalicionet parazgjedhore n\u00eb Komisionin Qendror t\u00eb Zgjedhjeve skadon n\u00eb mesnat\u00ebn e t\u00eb mart\u00ebs.<\/p>\n<p>Kryetari i partis\u00eb politike \u201cGI Lista Serbe\u201d Slavko Simiq tha se partia e tij \u00ebsht\u00eb e gatshme q\u00eb t\u00eb pranoj\u00eb t\u00eb gjitha ato parti aktive politike q\u00eb duan s\u00eb bashku t\u00eb udh\u00ebheqin politika t\u00eb p\u00ebrbashk\u00ebta dhe institucionale p\u00ebrmes institucioneve n\u00eb Prishtin\u00eb.<\/p>\n<p>\u201cT\u00eb gjitha ato parti politike q\u00eb jan\u00eb t\u00eb gatshme q\u00eb t\u00eb p\u00ebrballen realisht me problemet e qytetar\u00ebve q\u00eb jetojn\u00eb n\u00eb Kosov\u00eb dhe Metohi, sigurisht se jan\u00eb t\u00eb mir\u00ebseardhur n\u00eb List\u00ebn Serbe. Kush nuk \u00ebsht\u00eb i gatsh\u00ebm q\u00eb k\u00ebt\u00eb ta tajkaloj\u00eb, ata njer\u00ebz nuk kan\u00eb vend n\u00eb List\u00ebn Serbe\u201d, tha Simiq, duke shtuar se Lista Serbe sigurisht nuk do t\u00eb arrij\u00eb marr\u00ebveshje p\u00ebr koalicion parazgjedhor.<\/p>\n<p>\u201cNuk e kemi nd\u00ebrmend q\u00eb sot gjat\u00eb dit\u00ebs t\u00eb dor\u00ebzojm\u00eb ndonj\u00eb lloj marr\u00ebveshje p\u00ebr koalicion parazgjedhor n\u00eb KQZ\u201d, tha Simiq.<\/p>\n<p>Komisioni Qendror i Zgjedhjeve ka marr\u00eb vendimin q\u00eb t\u00eb regjistroj\u00eb nj\u00eb parti t\u00eb re me em\u00ebrtimin Partia e Serb\u00ebve t\u00eb Kosov\u00ebs, n\u00eb krye t\u00eb s\u00eb cil\u00ebs \u00ebsht\u00eb Aleksandar Jabllanoviq, i cili gjat\u00eb dit\u00ebs nuk ishte i qassh\u00ebm p\u00ebr komente.<\/p>\n<p>Udh\u00ebheq\u00ebsi i Partis\u00eb Liberale t\u00eb Pavarur, Slobodan Petroviq, q\u00eb n\u00eb zgjedhjet e kaluara parlamentare ka marr\u00eb pjes\u00eb n\u00eb kuad\u00ebr t\u00eb List\u00ebs Serbe thot\u00eb se partia e tij angazhohet p\u00ebr pjes\u00ebmarrje t\u00eb p\u00ebrbashk\u00ebt megjith\u00ebse \u00ebsht\u00eb i vet\u00ebdijsh\u00ebm se kjo n\u00eb kapacitetin e plot\u00eb nuk do t\u00eb ndodh.<\/p>\n<p>Ai thot\u00eb se gjat\u00eb jav\u00ebve t\u00eb kaluara kan\u00eb punuar shum\u00eb n\u00eb k\u00ebt\u00eb \u00e7\u00ebshtje, dhe se atyre u jan\u00eb bashkuar nj\u00eb num\u00ebr partish dhe organizatash, kurse nj\u00eb pjes\u00eb jan\u00eb shkrir\u00eb n\u00eb SLS.<\/p>\n<p>\u201cNuk \u00ebsht\u00eb e panjohur p\u00ebr ne, jemi t\u00eb gatsh\u00ebm p\u00ebr k\u00ebt\u00eb lloj aktiviteti. N\u00ebse nuk gjendet nj\u00eb zgjidhje p\u00ebr nj\u00eb list\u00eb t\u00eb p\u00ebrbashk\u00ebt ne do t\u00eb marrim pjes\u00eb n\u00eb zgjedhje dhe do t\u00eb konfirmojm\u00eb mb\u00ebshtetjen q\u00eb e kemi tek qytetar\u00ebt tan\u00eb p\u00ebr m\u00eb shum\u00eb se nj\u00eb dekad\u00eb\u201d, tha Petroviq.<\/p>\n<p>Ai thot\u00eb se m\u00eb e r\u00ebnd\u00ebsishme se sa marr\u00ebveshja \u00ebsht\u00eb zgjedhja e njer\u00ebzve n\u00eb lista, t\u00eb atyre q\u00eb do t\u00eb marrin pozita t\u00eb r\u00ebnd\u00ebsishme n\u00eb Kuvend dhe Qeveri.<\/p>\n<p>\u201cP\u00ebr fat t\u00eb keq n\u00eb periudh\u00ebn e kaluar kemi patur nj\u00eb situat\u00eb kur n\u00eb vendet m\u00eb t\u00eb p\u00ebrgjegjshme kan\u00eb qen\u00eb njer\u00ebzit m\u00eb t\u00eb pap\u00ebrgjegjsh\u00ebm dhe m\u00eb t\u00eb paaft\u00eb\u201d, tha kryetari i SLS.<\/p>\n<p>Nd\u00ebrkoh\u00eb, udh\u00ebheq\u00ebsi i Nism\u00ebs Qytetare \u201cSDP\u201d, Oliver Ivanoviq, thot\u00eb se kur b\u00ebhet fjal\u00eb p\u00ebr zgjedhjet n\u00eb Kosov\u00eb, ve\u00e7an\u00ebrisht ato parlamentare, me r\u00ebnd\u00ebsi t\u00eb madhe \u00ebsht\u00eb q\u00eb t\u00eb mos shp\u00ebrndahet vota.<\/p>\n<p>\u201cPor ajo po shp\u00ebrndahet sa her\u00eb q\u00eb t\u00eb dal nga \u00e7do fshat nga nj\u00eb list\u00eb dhe at\u00eb me shanse t\u00eb vogla ose me asnj\u00eb shans q\u00eb t\u00eb fitojn\u00eb t\u00eb pakt\u00ebn nj\u00eb mandat. Kjo duhet t\u00eb shmanget, por ne mes vete shum\u00eb v\u00ebshtir\u00eb e arrijm\u00eb q\u00eb t\u00eb pajtohemi dhe p\u00ebr k\u00ebt\u00eb na \u00ebsht\u00eb e nevojshme p\u00ebrkrahja nga Beogradi. Ajo q\u00eb mund t\u00eb pritet \u00ebsht\u00eb q\u00eb Beogradi t\u00eb ndihmoj\u00eb n\u00eb krijimin e list\u00ebs, q\u00eb do t\u00eb hartohet p\u00ebr dallim nga e kaluara, nga njer\u00ebz me kredibilitet dhe individ\u00eb t\u00eb d\u00ebshmuar n\u00eb profesionet e tyre ose n\u00eb politik\u00eb\u201d, tha Ivanoviq.<\/p>\n<p>Ai mendon se nuk \u00ebsht\u00eb e mor\u00eb q\u00eb n\u00eb lista t\u00eb tilla t\u00eb gjenden njer\u00ebz vet\u00ebm sepse i takojn\u00eb nj\u00eb partie politike.<\/p>\n<p>\u201cAjo q\u00eb ka r\u00ebnd\u00ebsi \u00ebsht\u00eb q\u00eb Beogradi p\u00ebr bashk\u00ebbisedues n\u00eb k\u00ebt\u00eb kuptim ka serb\u00eb kredibil n\u00eb Kosov\u00eb dhe Metohi, q\u00eb n\u00eb m\u00ebnyr\u00eb t\u00eb mir\u00eb do t\u00eb mund t\u00eb artikulojn\u00eb q\u00ebndrimet e popullit dhe k\u00ebt\u00eb t\u2019ia ofrojn\u00eb si nj\u00eb informat\u00eb hyr\u00ebse zyratr\u00ebve n\u00eb Beograd\u201d, tha Ivanoviq.<\/p>\n<p>Nd\u00ebrkoh\u00eb, Miodrag Marinkoviq nga organizata joqeveirtare \u201cAktiv\u201d, vler\u00ebson se n\u00eb zgjedhjet e parakohshme parlamentare p\u00ebrfaq\u00ebsuesit serb\u00eb nuk do t\u00eb jen\u00eb t\u00eb bashkuar ashtu si\u00e7 kan\u00eb qen\u00eb deri tani.<\/p>\n<p>\u201cAjo q\u00eb \u00ebsht\u00eb e r\u00ebnd\u00ebsishme p\u00ebr bashk\u00ebsin\u00eb serbe \u00ebsht\u00eb se duhet ta kuptojm\u00eb se mund t\u00eb shnd\u00ebrrohemi n\u00eb nj\u00eb faktor t\u00eb r\u00ebnd\u00ebsish\u00ebm politik vet\u00ebm n\u00ebse nuk shp\u00ebrndahen mandatet brenda serb\u00ebve. Jan\u00eb disa entitete partiake q\u00eb do t\u00eb marrin pjes\u00eb n\u00eb zgjedhje n\u00eb m\u00ebnyr\u00eb t\u00eb pavarur, po ajo q\u00eb \u00ebsht\u00eb me r\u00ebnd\u00ebsi \u00ebsht\u00eb n\u00ebse kan\u00eb nj\u00eb potencial t\u00eb brendsh\u00ebm p\u00ebr koalicion, q\u00eb m\u00eb von\u00eb t\u00eb b\u00ebjn\u00eb nj\u00eb platform t\u00eb p\u00ebrbashk\u00ebt q\u00eb do t\u00eb mbronte interesat serbe\u201d.<\/p>\n<p>Sipas tij \u00ebsht\u00eb me r\u00ebnd\u00ebsi q\u00eb t\u00eb arrihet nj\u00eb konsensus rreth pjes\u00ebmarrjes s\u00eb bashk\u00ebsis\u00eb serbe n\u00eb zgjedhje me q\u00ebllim t\u00eb rritjes s\u00eb shanseve p\u00ebr m\u00eb shum\u00eb p\u00ebrfaq\u00ebsues, q\u00eb m\u00eb von\u00eb do t\u00eb ofronte m\u00eb shum\u00eb mund\u00ebsi n\u00eb marr\u00ebveshjet e koalicioneve me partit\u00eb kryesore t\u00eb Kosov\u00ebs rreth sigurimit t\u00eb interesave serbe.<\/p>\n<p>Zgjedhjet e parakohshme parlamentare n\u00eb Kosov\u00eb do t\u00eb mbahen m\u00eb 11 qershor, vendim ky q\u00eb u morr pas r\u00ebnies s\u00eb Qeveris\u00eb s\u00eb Kosov\u00ebs n\u00eb nj\u00eb mocion mosbesimi t\u00eb ngritur nga partit\u00eb n\u00eb opozit\u00eb. \/rel\/<\/p>\n","protected":false},"excerpt":{"rendered":"<p>Prishtine &#8211; N\u00eb zgjedhjet e parakohshme parlamentare n\u00eb Kosov\u00eb, ka shum\u00eb gjasa q\u00eb p\u00ebrfaq\u00ebsuesit e serb\u00ebve t\u00eb mos marrin pjes\u00eb t\u00eb bashkuar. Nga Nisma Qytetare e deritashme, Lista Serbe, t\u00eb cil\u00ebn zyrtarisht e p\u00ebrkrah Beogradi, pas shum\u00eb muajsh t\u00eb mospajtimeve dhe n\u00eb fund edhe ndarjes, jan\u00eb krijuar dy parti politike, n\u00eb krye t\u00eb s\u00eb cilave [&hellip;]<\/p>\n","protected":false},"author":1,"featured_media":31219,"comment_status":"open","ping_status":"open","sticky":false,"template":"","format":"standard","meta":{"footnotes":""},"categories":[2],"tags":[48,1158,1143],"class_list":["post-31218","post","type-post","status-publish","format-standard","has-post-thumbnail","hentry","category-aktuale","tag-kosove","tag-serbet","tag-zgjedhjet"],"_links":{"self":[{"href":"https:\/\/prizrenpost.com\/al\/wp-json\/wp\/v2\/posts\/31218","targetHints":{"allow":["GET"]}}],"collection":[{"href":"https:\/\/prizrenpost.com\/al\/wp-json\/wp\/v2\/posts"}],"about":[{"href":"https:\/\/prizrenpost.com\/al\/wp-json\/wp\/v2\/types\/post"}],"author":[{"embeddable":true,"href":"https:\/\/prizrenpost.com\/al\/wp-json\/wp\/v2\/users\/1"}],"replies":[{"embeddable":true,"href":"https:\/\/prizrenpost.com\/al\/wp-json\/wp\/v2\/comments?post=31218"}],"version-history":[{"count":0,"href":"https:\/\/prizrenpost.com\/al\/wp-json\/wp\/v2\/posts\/31218\/revisions"}],"wp:featuredmedia":[{"embeddable":true,"href":"https:\/\/prizrenpost.com\/al\/wp-json\/wp\/v2\/media\/31219"}],"wp:attachment":[{"href":"https:\/\/prizrenpost.com\/al\/wp-json\/wp\/v2\/media?parent=31218"}],"wp:term":[{"taxonomy":"category","embeddable":true,"href":"https:\/\/prizrenpost.com\/al\/wp-json\/wp\/v2\/categories?post=31218"},{"taxonomy":"post_tag","embeddable":true,"href":"https:\/\/prizrenpost.com\/al\/wp-json\/wp\/v2\/tags?post=31218"}],"curies":[{"name":"wp","href":"https:\/\/api.w.org\/{rel}","templated":true}]}}