{"id":31221,"date":"2017-05-17T01:22:12","date_gmt":"2017-05-16T23:22:12","guid":{"rendered":"https:\/\/prizrenpost.com\/al\/?p=31221"},"modified":"2017-05-17T22:29:05","modified_gmt":"2017-05-17T20:29:05","slug":"pdk-aak-nisma-bashke-ne-koalicion-parazgjedhor","status":"publish","type":"post","link":"https:\/\/prizrenpost.com\/al\/pdk-aak-nisma-bashke-ne-koalicion-parazgjedhor\/","title":{"rendered":"PDK-AAK-NISMA bashk\u00eb n\u00eb koalicion parazgjedhor"},"content":{"rendered":"<p><img decoding=\"async\" src=\"https:\/\/prizrenpost.com\/al\/wp-content\/uploads\/2017\/05\/koalicon2-780x439.png\" alt=\"\" width=\"100%\" height=\"\" class=\"alignleft size-full wp-image-31222\" srcset=\"https:\/\/prizrenpost.com\/al\/wp-content\/uploads\/2017\/05\/koalicon2-780x439.png 780w, https:\/\/prizrenpost.com\/al\/wp-content\/uploads\/2017\/05\/koalicon2-780x439-300x169.png 300w, https:\/\/prizrenpost.com\/al\/wp-content\/uploads\/2017\/05\/koalicon2-780x439-768x432.png 768w\" sizes=\"(max-width: 780px) 100vw, 780px\" \/><\/p>\n<p><strong>Prishtine &#8211; Drejtoresha e Zyr\u00ebs p\u00ebr Regjistrimin e subjekteve politike n\u00eb KQZ, Miradije Mavriqi, ka konfirmuar se n\u00eb k\u00ebt\u00eb institucion \u00ebsht\u00eb dor\u00ebzuar p\u00ebr regjistrim koalicioni PDK-AAK-NISMA.<\/strong><\/p>\n<p>Edhe z\u00ebdh\u00ebn\u00ebsi i KQZ, Valmir Elezi, ka konfirmuar nj\u00eb koalicionin PDK-AAK-NISMA.<\/p>\n<p>Formularin p\u00ebr lidhje t\u00eb koalicionit mes k\u00ebtyre tri partive e ka dor\u00ebzuar p\u00ebrfaq\u00ebsuesi nga AAK Valon Tolaj.<\/p>\n<p>Nd\u00ebrkoh\u00eb, s\u00eb shpejti pritet q\u00eb t\u00eb b\u00ebhet zyrtare edhe nga subjketet politike koalicioni i lidhur n\u00eb mes PDK-s\u00eb, AAK-s\u00eb dhe Nism\u00ebs p\u00ebr Kosov\u00ebn.<\/p>\n<p>Nj\u00eb zyrtar i lart\u00eb i PDK-s\u00eb  tha se marr\u00ebveshja \u00ebsht\u00eb arritur, vet\u00ebm se pritet q\u00eb edhe t\u00eb b\u00ebhet zyrtare.<\/p>\n<p>Edhe Pal Lekaj i ka th\u00ebn\u00eb Telegrafit se do t\u00eb ket\u00eb koalicion PDK-AAK-NISMA, por nuk ka dh\u00ebn\u00eb detaje tjera.<\/p>\n<p>Aleanaca p\u00ebr Ardhm\u00ebrin\u00eb e Kosov\u00ebs ka thirrur nj\u00eb konferenc\u00eb shtypi p\u00ebr or\u00ebn 01:00. <\/p>\n","protected":false},"excerpt":{"rendered":"<p>Prishtine &#8211; Drejtoresha e Zyr\u00ebs p\u00ebr Regjistrimin e subjekteve politike n\u00eb KQZ, Miradije Mavriqi, ka konfirmuar se n\u00eb k\u00ebt\u00eb institucion \u00ebsht\u00eb dor\u00ebzuar p\u00ebr regjistrim koalicioni PDK-AAK-NISMA. Edhe z\u00ebdh\u00ebn\u00ebsi i KQZ, Valmir Elezi, ka konfirmuar nj\u00eb koalicionin PDK-AAK-NISMA. Formularin p\u00ebr lidhje t\u00eb koalicionit mes k\u00ebtyre tri partive e ka dor\u00ebzuar p\u00ebrfaq\u00ebsuesi nga AAK Valon Tolaj. Nd\u00ebrkoh\u00eb, [&hellip;]<\/p>\n","protected":false},"author":1,"featured_media":31222,"comment_status":"open","ping_status":"open","sticky":false,"template":"","format":"standard","meta":{"footnotes":""},"categories":[2],"tags":[1245,3803,3835,2183,48,1171,1419],"class_list":["post-31221","post","type-post","status-publish","format-standard","has-post-thumbnail","hentry","category-aktuale","tag-aak","tag-aktuale","tag-koalicion-parazgjedhor","tag-koalicioni","tag-kosove","tag-nisma","tag-pdk"],"_links":{"self":[{"href":"https:\/\/prizrenpost.com\/al\/wp-json\/wp\/v2\/posts\/31221","targetHints":{"allow":["GET"]}}],"collection":[{"href":"https:\/\/prizrenpost.com\/al\/wp-json\/wp\/v2\/posts"}],"about":[{"href":"https:\/\/prizrenpost.com\/al\/wp-json\/wp\/v2\/types\/post"}],"author":[{"embeddable":true,"href":"https:\/\/prizrenpost.com\/al\/wp-json\/wp\/v2\/users\/1"}],"replies":[{"embeddable":true,"href":"https:\/\/prizrenpost.com\/al\/wp-json\/wp\/v2\/comments?post=31221"}],"version-history":[{"count":0,"href":"https:\/\/prizrenpost.com\/al\/wp-json\/wp\/v2\/posts\/31221\/revisions"}],"wp:featuredmedia":[{"embeddable":true,"href":"https:\/\/prizrenpost.com\/al\/wp-json\/wp\/v2\/media\/31222"}],"wp:attachment":[{"href":"https:\/\/prizrenpost.com\/al\/wp-json\/wp\/v2\/media?parent=31221"}],"wp:term":[{"taxonomy":"category","embeddable":true,"href":"https:\/\/prizrenpost.com\/al\/wp-json\/wp\/v2\/categories?post=31221"},{"taxonomy":"post_tag","embeddable":true,"href":"https:\/\/prizrenpost.com\/al\/wp-json\/wp\/v2\/tags?post=31221"}],"curies":[{"name":"wp","href":"https:\/\/api.w.org\/{rel}","templated":true}]}}