{"id":31389,"date":"2017-05-21T12:29:15","date_gmt":"2017-05-21T10:29:15","guid":{"rendered":"http:\/\/www.gazetaexpress.com\/lajme\/dy-te-semure-rende-nga-ethet-e-minjve-ne-qkuk-375697\/"},"modified":"2017-05-21T13:59:51","modified_gmt":"2017-05-21T11:59:51","slug":"dy-te-semure-rende-nga-ethet-e-minjve-ne-qkuk","status":"publish","type":"post","link":"https:\/\/prizrenpost.com\/al\/dy-te-semure-rende-nga-ethet-e-minjve-ne-qkuk\/","title":{"rendered":"Dy t\u00eb s\u00ebmur\u00eb r\u00ebnd\u00eb nga ethet e minjve n\u00eb QKUK"},"content":{"rendered":"<p><img decoding=\"async\" src=\"https:\/\/prizrenpost.com\/al\/wp-content\/uploads\/2017\/05\/dy-te-semure-rende-nga-ethet-e-minjve-ne-qkuk.jpg\"><\/p>\n<p><strong><\/p>\n<p>Prishtin\u00eb &#8211; Nd\u00ebrkaq, dy persona jan\u00eb n\u00eb gjendje mjaft\u00eb t\u00eb r\u00ebnd\u00eb sh\u00ebndet\u00ebsore nga ethet e minjve. Ata aktualisht jan\u00eb t\u00eb shtrir\u00eb n\u00eb Klinik\u00ebn infektive n\u00eb Qendr\u00ebn Klinike Universitare t\u00eb Kosov\u00ebs.<\/p>\n<p><\/strong><\/p>\n<p>K\u00ebt\u00eb e konfirmon infektologu Sali Ahmeti, sipas t\u00eb cilit, sivjet me gjith\u00eb rastet e evidentuara si t\u00eb dyshuara, nuk mund t\u00eb konstatohet se deri n\u00eb k\u00ebt\u00eb faz\u00eb, ka s\u00ebmundje t\u00eb etheve hemorragjike \u2013 krime kongo.<\/p>\n<p>\u201cSa u p\u00ebrket etheve hemorragjike, krime kongo, kemi raste t\u00eb pickimeve, ku vet\u00ebm n\u00eb Klinik\u00ebn infektive jan\u00eb paraqitur 67 raste, me dyshime eventuale klinike dhe disa jan\u00eb hospitalizuar, por nuk ka s\u00ebmundje t\u00eb konfirmuar p\u00ebr k\u00ebt\u00eb vit\u201d.<\/p>\n<p>\u201cK\u00ebt\u00eb vit kemi pasur tri raste me ethe t\u00eb minjve, dy prej tyre jan\u00eb t\u00eb hospitalizuar dhe jan\u00eb n\u00eb gjendje mjaft t\u00eb r\u00ebnd\u00eb. Jan\u00eb duke marr\u00eb trajtim intensiv\u201d, b\u00ebn t\u00eb ditur Ahmeti.<\/p>\n<p>Edhe nga kafshimi i gjarp\u00ebrinjve k\u00ebt\u00eb vit \u00ebsht\u00eb hospitalizuar nj\u00eb person.<\/p>\n<p>Kafshimi nga gjarpri, sipas infektolog\u00ebve, mund t\u00eb kaloj\u00eb n\u00eb s\u00ebmundje serioze.<\/p>\n<p>Vitin e kaluar n\u00eb Kosov\u00eb nga kafshimi i gjarp\u00ebrinjve, ndihm\u00eb mjek\u00ebsore kan\u00eb k\u00ebrkuar 21 persona.<\/p>\n<p>Infektologu Sali Ahmeti thot\u00eb se nga muaji prill, fillojn\u00eb t\u00eb paraqiten raste t\u00eb kafshimit t\u00eb njer\u00ebzve nga gjarp\u00ebrinjt\u00eb.<\/p>\n<p>\u201cSa i p\u00ebrket kafshimeve nga gjarpinjt\u00eb, k\u00ebt\u00eb muaj \u00ebsht\u00eb kafshuar nj\u00eb f\u00ebmij\u00eb nga Komuna e Malishev\u00ebs dhe \u00ebsht\u00eb duke u trajtuar n\u00eb Klinik\u00ebn infektive n\u00eb QKUK. Muajt prill dhe maj paraqesin sezonin e kafshimit nga gjarpinjt\u00eb, por nuk kemi raste t\u00eb vdekjeve\u201d, shpjegon Ahmeti.<\/p>\n<p>N\u00eb Ministrin\u00eb e Sh\u00ebndet\u00ebsis\u00eb thon\u00eb se tashm\u00eb ekziston K\u00ebshilli Nacional p\u00ebr ethet hemorragjike dhe ethet e minjve, ku ka dhe nj\u00eb plan me t\u00eb cilin parashihet se \u00e7ka do t\u00eb punohet p\u00ebr \u00e7do vit, n\u00eb m\u00ebnyr\u00eb q\u00eb t\u00eb parandalohenk\u00ebto s\u00ebmundje.<\/p>\n<p>Valbon Krasniqi, k\u00ebshilltar politik i ministrit n\u00eb largim t\u00eb Sh\u00ebndet\u00ebsis\u00eb, Imet Rrahmani, thot\u00eb p\u00ebr Radion Evropa e Lir\u00eb se n\u00eb tri vitet e fundit nuk ka pasur asnj\u00eb vdekje nga ethet hemorragjike krime kongo q\u00eb i shkaktojn\u00eb rriqrat, e as nga ethet e minjve.<\/p>\n<p>\u201cN\u00eb vendet endemike kan\u00eb filluar aktivitetet dhe po b\u00ebhet dezinsektimi i stallave. Me vite t\u00eb t\u00ebra jan\u00eb nd\u00ebrmarr\u00eb masa t\u00eb tilla. Si rezultat, tri vitet e fundit nuk \u00ebsht\u00eb sh\u00ebnuar asnj\u00eb rast i vdekjes nga k\u00ebto ethe\u201d, thot\u00eb Krasniqi, duke shtuar se:<\/p>\n<p>\u201cKlinika infektive \u00ebsht\u00eb e furnizuar me terapi p\u00ebr raste t\u00eb tilla t\u00eb prekura. \u00cbsht\u00eb me r\u00ebnd\u00ebsi q\u00eb Instituti Komb\u00ebtar i Sh\u00ebndetit Publik, ka kapacitete diagnostikuese t\u00eb shpejta p\u00ebr identifikimin e etheve\u201d.<\/p>\n<p>Ndryshe, Instituti Komb\u00ebtar i Sh\u00ebndetit Publik, n\u00ebp\u00ebrmjet Ministris\u00eb s\u00eb Sh\u00ebndet\u00ebsis\u00eb, bashk\u00eb me grupin nd\u00ebrministror, ku hyn edhe Ministria e Bujq\u00ebsis\u00eb, Agjencia e Veterin\u00ebs dhe Ushqimit, Ministria e Pun\u00ebve t\u00eb Brendshme dhe Ministria e Mjedisit, ka disa vite q\u00eb po zbatojn\u00eb planin operacional p\u00ebr parandalimin e s\u00ebmundjes s\u00eb etheve hemorragjike.<\/p>\n<p>Nga ethet hemorragjike, vet\u00ebm gjat\u00eb vitit 2013, kan\u00eb vdekur 11 persona, nd\u00ebrkoh\u00eb q\u00eb shifrat tregojn\u00eb se t\u00eb pickuar nga rriqrat, ishin 5,200 persona. \/REL<\/p>\n","protected":false},"excerpt":{"rendered":"<p>Prishtin\u00eb &#8211; Nd\u00ebrkaq, dy persona jan\u00eb n\u00eb gjendje mjaft\u00eb t\u00eb r\u00ebnd\u00eb sh\u00ebndet\u00ebsore nga ethet e minjve. Ata aktualisht jan\u00eb t\u00eb shtrir\u00eb n\u00eb Klinik\u00ebn infektive n\u00eb Qendr\u00ebn Klinike Universitare t\u00eb Kosov\u00ebs. K\u00ebt\u00eb e konfirmon infektologu Sali Ahmeti, sipas t\u00eb cilit, sivjet me gjith\u00eb rastet e evidentuara si t\u00eb dyshuara, nuk mund t\u00eb konstatohet se deri n\u00eb [&hellip;]<\/p>\n","protected":false},"author":1,"featured_media":31390,"comment_status":"open","ping_status":"closed","sticky":false,"template":"","format":"standard","meta":{"footnotes":""},"categories":[5],"tags":[2908,1113,1206],"class_list":["post-31389","post","type-post","status-publish","format-standard","has-post-thumbnail","hentry","category-shendetesi","tag-ethet","tag-prishtine","tag-qkuk"],"_links":{"self":[{"href":"https:\/\/prizrenpost.com\/al\/wp-json\/wp\/v2\/posts\/31389","targetHints":{"allow":["GET"]}}],"collection":[{"href":"https:\/\/prizrenpost.com\/al\/wp-json\/wp\/v2\/posts"}],"about":[{"href":"https:\/\/prizrenpost.com\/al\/wp-json\/wp\/v2\/types\/post"}],"author":[{"embeddable":true,"href":"https:\/\/prizrenpost.com\/al\/wp-json\/wp\/v2\/users\/1"}],"replies":[{"embeddable":true,"href":"https:\/\/prizrenpost.com\/al\/wp-json\/wp\/v2\/comments?post=31389"}],"version-history":[{"count":0,"href":"https:\/\/prizrenpost.com\/al\/wp-json\/wp\/v2\/posts\/31389\/revisions"}],"wp:featuredmedia":[{"embeddable":true,"href":"https:\/\/prizrenpost.com\/al\/wp-json\/wp\/v2\/media\/31390"}],"wp:attachment":[{"href":"https:\/\/prizrenpost.com\/al\/wp-json\/wp\/v2\/media?parent=31389"}],"wp:term":[{"taxonomy":"category","embeddable":true,"href":"https:\/\/prizrenpost.com\/al\/wp-json\/wp\/v2\/categories?post=31389"},{"taxonomy":"post_tag","embeddable":true,"href":"https:\/\/prizrenpost.com\/al\/wp-json\/wp\/v2\/tags?post=31389"}],"curies":[{"name":"wp","href":"https:\/\/api.w.org\/{rel}","templated":true}]}}