{"id":31984,"date":"2017-05-22T12:33:01","date_gmt":"2017-05-22T10:33:01","guid":{"rendered":"http:\/\/www.gazetaexpress.com\/lajme\/mediat-e-beogradit-me-armatimin-qe-ka-serbia-eshte-me-e-forta-ne-rajon-video-376132\/"},"modified":"2017-05-22T14:18:36","modified_gmt":"2017-05-22T12:18:36","slug":"mediat-e-beogradit-me-armatimin-qe-ka-serbia-eshte-me-e-forta-ne-rajon-video","status":"publish","type":"post","link":"https:\/\/prizrenpost.com\/al\/mediat-e-beogradit-me-armatimin-qe-ka-serbia-eshte-me-e-forta-ne-rajon-video\/","title":{"rendered":"Mediat e Beogradit: Me armatimin q\u00eb ka, Serbia \u00ebsht\u00eb m\u00eb e forta n\u00eb rajon (Video)"},"content":{"rendered":"<p><img decoding=\"async\" src=\"https:\/\/prizrenpost.com\/al\/wp-content\/uploads\/2017\/05\/mediat-e-beogradit-me-armatimin-qe-ka-serbia-eshte-me-e-forta-ne-rajon-video.jpg\"><\/p>\n<p><strong><\/p>\n<p>Beograd &#8211; Sipas mediave serb, tensionet n\u00eb Ballkanin per\u00ebndimor jan\u00eb ngritur \u201cpas deklaratave t\u00eb kryeministrit shqiptar Edi Rama p\u00ebr Shqip\u00ebri t\u00eb madhe, zgjedhjes kryeparlamentar t\u00eb Maqedonis\u00eb, Talat Xhaferi, ish-komandanti i U\u00c7K-s\u00eb, si dhe lirimin nga Franca t\u00eb Ramush Haradinajt\u201d.<\/p>\n<p><\/strong><\/p>\n<p>[youtube ohK0HjrnyBY]<\/p>\n<p><em>Mediat serbe shkruajn\u00eb se duke marr\u00eb parasysh numrin e ushtar\u00ebve, si dhe armatimin q\u00eb posedojn\u00eb k\u00ebto shtete, Serbia \u00ebsht\u00eb m\u00eb e fuqishmja n\u00ebse krahasohet me Shqip\u00ebrin\u00eb, Maqedonin\u00eb, si dhe forcat vendore dhe nd\u00ebrkomb\u00ebtare n\u00eb Kosov\u00eb, transmeton Zeri.info.<\/em><\/p>\n<p><em><strong>Ja numri i ushtar\u00ebve dhe armatimi i k\u00ebtyre shteteve:<\/strong><\/em><\/p>\n<p><em><strong>Serbia:<\/strong><\/em><\/p>\n<p><em>Ushtar\u00eb:<\/em><\/p>\n<p><em>36000<\/em><\/p>\n<p><em>Tanke:<\/em><\/p>\n<p><em>212<\/em><\/p>\n<p><em>Avion\u00eb:<\/em><\/p>\n<p><em>95<\/em><\/p>\n<p><em>Helikopter\u00eb:<\/em><\/p>\n<p><em>64<\/em><\/p>\n<p><em>Sisteme raketore:<\/em><\/p>\n<p><em>82<\/em><\/p>\n<p><em><strong>Kosova:<\/strong><\/em><\/p>\n<p><em>Ushtar\u00eb t\u00eb KFOR-it:<\/em><\/p>\n<p><em>4000<\/em><\/p>\n<p><em>Ushtar\u00eb t\u00eb FSK-s\u00eb:<\/em><\/p>\n<p><em>4000<\/em><\/p>\n<p><em>ROSU:<\/em><\/p>\n<p><em>150<\/em><\/p>\n<p><em>Tanke:<\/em><\/p>\n<p><em>0<\/em><\/p>\n<p><em>Avion\u00eb:<\/em><\/p>\n<p><em>0<\/em><\/p>\n<p><em>Helikopter\u00eb:<\/em><\/p>\n<p><em>16<\/em><\/p>\n<p><em>Sisteme raketore:<\/em><\/p>\n<p><em>0<\/em><\/p>\n<p><em><strong>Shqip\u00ebria:<\/strong><\/em><\/p>\n<p><em>Ushtar\u00eb:<\/em><\/p>\n<p><em>8000<\/em><\/p>\n<p><em>Tanke:<\/em><\/p>\n<p><em>0<\/em><\/p>\n<p><em>Avion\u00eb:<\/em><\/p>\n<p><em>0<\/em><\/p>\n<p><em>Helikopter\u00eb :<\/em><\/p>\n<p><em>27<\/em><\/p>\n<p><em>Sisteme raketore: 0<\/em><\/p>\n<p><em><strong>Maqedonia:<\/strong><\/em><\/p>\n<p><em>Ushtar\u00eb:<\/em><\/p>\n<p><em>8000<\/em><\/p>\n<p><em>Tanke:<\/em><\/p>\n<p><em>31<\/em><\/p>\n<p><em>Avion\u00eb:<\/em><\/p>\n<p><em>0<\/em><\/p>\n<p><em>Helikopter\u00eb:<\/em><\/p>\n<p><em>16<\/em><\/p>\n<p><em>Sisteme raketore:<\/em><\/p>\n<p><em>24<\/em><\/p>\n<p><em><strong>Mali i Zi:<\/strong><\/em><\/p>\n<p><em>Ushtar\u00eb:<\/em><\/p>\n<p><em>1853<\/em><\/p>\n<p><em>Tanke:<\/em><\/p>\n<p><em>0<\/em><\/p>\n<p><em>Avion\u00eb:<\/em><\/p>\n<p><em>0<\/em><\/p>\n<p><em>Helikopter\u00eb:<\/em><\/p>\n<p><em>13<\/em><\/p>\n<p><em>Sisteme raketore:<\/em><\/p>\n<p><em>0<\/em><\/p>\n","protected":false},"excerpt":{"rendered":"<p>Beograd &#8211; Sipas mediave serb, tensionet n\u00eb Ballkanin per\u00ebndimor jan\u00eb ngritur \u201cpas deklaratave t\u00eb kryeministrit shqiptar Edi Rama p\u00ebr Shqip\u00ebri t\u00eb madhe, zgjedhjes kryeparlamentar t\u00eb Maqedonis\u00eb, Talat Xhaferi, ish-komandanti i U\u00c7K-s\u00eb, si dhe lirimin nga Franca t\u00eb Ramush Haradinajt\u201d. [youtube ohK0HjrnyBY] Mediat serbe shkruajn\u00eb se duke marr\u00eb parasysh numrin e ushtar\u00ebve, si dhe armatimin q\u00eb [&hellip;]<\/p>\n","protected":false},"author":1,"featured_media":31985,"comment_status":"open","ping_status":"closed","sticky":false,"template":"","format":"standard","meta":{"footnotes":""},"categories":[15],"tags":[879,3312,799,3596],"class_list":["post-31984","post","type-post","status-publish","format-standard","has-post-thumbnail","hentry","category-ballkan","tag-ballkan","tag-mediat","tag-serbia","tag-ushtrite"],"_links":{"self":[{"href":"https:\/\/prizrenpost.com\/al\/wp-json\/wp\/v2\/posts\/31984","targetHints":{"allow":["GET"]}}],"collection":[{"href":"https:\/\/prizrenpost.com\/al\/wp-json\/wp\/v2\/posts"}],"about":[{"href":"https:\/\/prizrenpost.com\/al\/wp-json\/wp\/v2\/types\/post"}],"author":[{"embeddable":true,"href":"https:\/\/prizrenpost.com\/al\/wp-json\/wp\/v2\/users\/1"}],"replies":[{"embeddable":true,"href":"https:\/\/prizrenpost.com\/al\/wp-json\/wp\/v2\/comments?post=31984"}],"version-history":[{"count":0,"href":"https:\/\/prizrenpost.com\/al\/wp-json\/wp\/v2\/posts\/31984\/revisions"}],"wp:featuredmedia":[{"embeddable":true,"href":"https:\/\/prizrenpost.com\/al\/wp-json\/wp\/v2\/media\/31985"}],"wp:attachment":[{"href":"https:\/\/prizrenpost.com\/al\/wp-json\/wp\/v2\/media?parent=31984"}],"wp:term":[{"taxonomy":"category","embeddable":true,"href":"https:\/\/prizrenpost.com\/al\/wp-json\/wp\/v2\/categories?post=31984"},{"taxonomy":"post_tag","embeddable":true,"href":"https:\/\/prizrenpost.com\/al\/wp-json\/wp\/v2\/tags?post=31984"}],"curies":[{"name":"wp","href":"https:\/\/api.w.org\/{rel}","templated":true}]}}