{"id":32019,"date":"2017-05-22T14:41:31","date_gmt":"2017-05-22T12:41:31","guid":{"rendered":"https:\/\/prizrenpost.com\/al\/?p=32019"},"modified":"2017-05-22T14:41:31","modified_gmt":"2017-05-22T12:41:31","slug":"pende","status":"publish","type":"post","link":"https:\/\/prizrenpost.com\/al\/pende\/","title":{"rendered":"Pend\u00eb!"},"content":{"rendered":"<p><img loading=\"lazy\" decoding=\"async\" src=\"https:\/\/prizrenpost.com\/al\/wp-content\/uploads\/2017\/05\/tyran-prizren-spahiu.jpg\" alt=\"\" width=\"300\" height=\"300\" class=\"aligntop size-full wp-image-32020\" srcset=\"https:\/\/prizrenpost.com\/al\/wp-content\/uploads\/2017\/05\/tyran-prizren-spahiu.jpg 300w, https:\/\/prizrenpost.com\/al\/wp-content\/uploads\/2017\/05\/tyran-prizren-spahiu-150x150.jpg 150w, https:\/\/prizrenpost.com\/al\/wp-content\/uploads\/2017\/05\/tyran-prizren-spahiu-100x100.jpg 100w\" sizes=\"auto, (max-width: 300px) 100vw, 300px\" \/><br \/>\n\ufeff<br \/>\nShkruaj p\u00ebr djajt,\u00a0<br \/>\nparajs\u00ebn apo engj\u00ebjt,\u00a0<br \/>\nlavd\u00ebro heshtjen,\u00a0<br \/>\nurre m\u00ebkatin.<br \/>\nZhveshe g\u00ebnjeshtrat,\u00a0<br \/>\nzbulo mashtruesit,\u00a0<br \/>\nluaj me artin,\u00a0<br \/>\nmbaje burr\u00ebrin.<br \/>\nNdihmo hallexhinjt\u00eb,\u00a0<br \/>\nkurse nevojtar\u00ebt,\u00a0<br \/>\nhedh drit\u00eb mbi lakuriq\u00ebsin\u00eb,\u00a0<br \/>\nsulmo padrejt\u00ebsin\u00eb.<br \/>\nK\u00ebndo p\u00ebr d\u00ebshmor\u00ebt,\u00a0<br \/>\nkrenohu me poet\u00ebt,\u00a0<br \/>\ndemasko t\u00eb rrejshmin,\u00a0<br \/>\nanashkalo premtuesin&#8230;<br \/>\nI imi v\u00eblla,\u00a0<br \/>\nmot\u00ebr e dashur,<br \/>\nJan\u00eb k\u00ebto obligimet,\u00a0<br \/>\ne njeriut t\u00eb sinqert,\u00a0<br \/>\ndashnorit t\u00eb atdheut,\u00a0<br \/>\nPellazgit t\u00eb v\u00ebrtet.<br \/>\n\u00c7mos duhet b\u00ebr\u00eb,\u00a0<br \/>\np\u00ebr popullin e vuajtur,\u00a0<br \/>\nrinin\u00eb e n\u00ebp\u00ebrk\u00ebmbur,\u00a0<br \/>\nshpresat e vrar\u00eb !<br \/>\nNd\u00ebgjuar duhet z\u00ebrin,\u00a0<br \/>\npastruar nd\u00ebrgjegjen,\u00a0<br \/>\nofruar ndihmes\u00ebn,\u00a0<br \/>\nnjeriut t\u00eb zakonsh\u00ebm.<br \/>\nNevojtar\u00eb ka shum\u00eb n\u00eb m\u00ebm\u00ebdheun tim\u00a0<br \/>\nfshehur jan\u00eb, turp\u00ebruar, t\u00eb kujdessh\u00ebm,\u00a0<br \/>\npas mesnate thojn\u00eb, n\u00eb kontejnera buk\u00eb k\u00ebrkojm\u00eb,!<br \/>\nBarkzbrazur n\u00ebp\u00ebrk\u00ebmbur f\u00ebmij\u00ebt\u00a0<br \/>\nushqyer duhet kalamajt n\u00eb agim&#8230;.<br \/>\nI lavd\u00ebruar kjofsh pen\u00eb a e art,\u00a0<br \/>\nshkruaj p\u00ebr jetim\u00ebt, martir\u00ebt e r\u00ebn\u00eb,\u00a0<br \/>\nt\u00eb lutem jet\u00ebso, heronjt\u00eb e luft\u00ebs,\u00a0<br \/>\ntrokit fort\u00eb , sa m\u00eb fort\u00eb,\u00a0<br \/>\nt\u00eb zbulohen t\u00eb zhdukurit !<br \/>\nDetyr\u00eb \u00ebsht\u00eb e jotja, o pen\u00eb e lindur,\u00a0<br \/>\nngrite z\u00ebrin e m\u00ebvet\u00ebsis\u00eb kurr\u00eb mir\u00eb t\u00eb shijuar,\u00a0<br \/>\ntoka Shqype nevoj\u00eb ka p\u00ebr m\u00ebrgimtar\u00ebt,\u00a0<br \/>\nobligim i yti \u00ebsht\u00eb, i imi v\u00eblla, Shqiptar&#8230;<\/p>\n<p><strong>Tyran Prizren Spahiu<br \/>\nVargje poetike X<br \/>\nBohemi<\/strong><\/p>\n","protected":false},"excerpt":{"rendered":"<p>\ufeff Shkruaj p\u00ebr djajt,\u00a0 parajs\u00ebn apo engj\u00ebjt,\u00a0 lavd\u00ebro heshtjen,\u00a0 urre m\u00ebkatin. Zhveshe g\u00ebnjeshtrat,\u00a0 zbulo mashtruesit,\u00a0 luaj me artin,\u00a0 mbaje burr\u00ebrin. Ndihmo hallexhinjt\u00eb,\u00a0 kurse nevojtar\u00ebt,\u00a0 hedh drit\u00eb mbi lakuriq\u00ebsin\u00eb,\u00a0 sulmo padrejt\u00ebsin\u00eb. K\u00ebndo p\u00ebr d\u00ebshmor\u00ebt,\u00a0 krenohu me poet\u00ebt,\u00a0 demasko t\u00eb rrejshmin,\u00a0 anashkalo premtuesin&#8230; I imi v\u00eblla,\u00a0 mot\u00ebr e dashur, Jan\u00eb k\u00ebto obligimet,\u00a0 e njeriut t\u00eb sinqert,\u00a0 dashnorit [&hellip;]<\/p>\n","protected":false},"author":1,"featured_media":32020,"comment_status":"open","ping_status":"open","sticky":false,"template":"","format":"standard","meta":{"footnotes":""},"categories":[4],"tags":[3428,3414],"class_list":["post-32019","post","type-post","status-publish","format-standard","has-post-thumbnail","hentry","category-kulture","tag-poezi","tag-tyran-prizren-spahiu"],"_links":{"self":[{"href":"https:\/\/prizrenpost.com\/al\/wp-json\/wp\/v2\/posts\/32019","targetHints":{"allow":["GET"]}}],"collection":[{"href":"https:\/\/prizrenpost.com\/al\/wp-json\/wp\/v2\/posts"}],"about":[{"href":"https:\/\/prizrenpost.com\/al\/wp-json\/wp\/v2\/types\/post"}],"author":[{"embeddable":true,"href":"https:\/\/prizrenpost.com\/al\/wp-json\/wp\/v2\/users\/1"}],"replies":[{"embeddable":true,"href":"https:\/\/prizrenpost.com\/al\/wp-json\/wp\/v2\/comments?post=32019"}],"version-history":[{"count":0,"href":"https:\/\/prizrenpost.com\/al\/wp-json\/wp\/v2\/posts\/32019\/revisions"}],"wp:featuredmedia":[{"embeddable":true,"href":"https:\/\/prizrenpost.com\/al\/wp-json\/wp\/v2\/media\/32020"}],"wp:attachment":[{"href":"https:\/\/prizrenpost.com\/al\/wp-json\/wp\/v2\/media?parent=32019"}],"wp:term":[{"taxonomy":"category","embeddable":true,"href":"https:\/\/prizrenpost.com\/al\/wp-json\/wp\/v2\/categories?post=32019"},{"taxonomy":"post_tag","embeddable":true,"href":"https:\/\/prizrenpost.com\/al\/wp-json\/wp\/v2\/tags?post=32019"}],"curies":[{"name":"wp","href":"https:\/\/api.w.org\/{rel}","templated":true}]}}