{"id":32515,"date":"2017-05-25T17:27:09","date_gmt":"2017-05-25T15:27:09","guid":{"rendered":"https:\/\/prizrenpost.com\/al\/?p=32515"},"modified":"2017-05-25T17:30:18","modified_gmt":"2017-05-25T15:30:18","slug":"komentimi-i-aktakuzes-se-prokurorise-ndaj-shefqet-krasniqit","status":"publish","type":"post","link":"https:\/\/prizrenpost.com\/al\/komentimi-i-aktakuzes-se-prokurorise-ndaj-shefqet-krasniqit\/","title":{"rendered":"Komentimi i Aktakuz\u00ebs s\u00eb Prokuroris\u00eb ndaj Shefqet Krasniqit"},"content":{"rendered":"<div id=\"attachment_32526\" style=\"width: 410px\" class=\"wp-caption alignleft\"><img decoding=\"async\" aria-describedby=\"caption-attachment-32526\" src=\"https:\/\/prizrenpost.com\/al\/wp-content\/uploads\/2017\/05\/shefqeti.png\" alt=\"\" width=\"400\" height=\"\" class=\"size-full wp-image-32526\" srcset=\"https:\/\/prizrenpost.com\/al\/wp-content\/uploads\/2017\/05\/shefqeti.png 2048w, https:\/\/prizrenpost.com\/al\/wp-content\/uploads\/2017\/05\/shefqeti-300x160.png 300w, https:\/\/prizrenpost.com\/al\/wp-content\/uploads\/2017\/05\/shefqeti-768x411.png 768w, https:\/\/prizrenpost.com\/al\/wp-content\/uploads\/2017\/05\/shefqeti-1024x548.png 1024w\" sizes=\"(max-width: 2048px) 100vw, 2048px\" \/><p id=\"caption-attachment-32526\" class=\"wp-caption-text\">Komentimi i Aktakuz\u00ebs s\u00eb Prokuroris\u00eb ndaj Shefqet Krasniqit &#8211; Autor: <b>Gen KELMENDI<\/b><\/p><\/div>\n<p>Me dat\u00eb 27 Shkurt 2017 Prokuroria Speciale e Republik\u00ebs s\u00eb Kosov\u00ebs p\u00ebrmes nj\u00eb njoftimi n\u00eb faq\u00ebn e saj zyrtare ka njoftuar se ka ngritur aktakuz\u00eb kund\u00ebr Shefqet Krasniqit p\u00ebr vepra penale q\u00eb nd\u00ebrlidhen me terrorizmin.<\/p>\n<p>N\u00eb aktakuz\u00ebn e ngritur t\u00eb Prokuroris\u00eb Speciale t\u00eb Kosov\u00ebs ndaj Shefqet Krasniqit, thuhet se ai akuzohet p\u00ebr veprat penale; shtytja p\u00ebr kryerjen e veprave terroriste, sipas nenit 141 t\u00eb Kodit Penal t\u00eb Republik\u00ebs s\u00eb Kosov\u00ebs; nxitja e urrejtjes, p\u00ebr\u00e7arjes ose mos durimit komb\u00ebtar, racor, fetar apo etnik, sipas nenit 147, paragrafi 2 i Kodit Penal t\u00eb Republik\u00ebs s\u00eb Kosov\u00ebs.<\/p>\n<p>Aktakuza p\u00ebrshkruan se vepr\u00ebn e shtytjen n\u00eb kryerjen e veprave terroriste, Krasniqi e ka kryer nga viti 2013 deri n\u00eb 2014.<\/p>\n<p>Sipas aktakuz\u00ebs, Shefqet Krasniqi, n\u00eb cil\u00ebsin\u00eb e imamit t\u00eb xhamis\u00eb se madhe \u201cMehmet Fatih\u201d n\u00eb Prishtin\u00eb, n\u00eb vazhdim\u00ebsi dhe me dashje ka shp\u00ebrndar\u00eb mesazhe p\u00ebr publikun, p\u00ebrmes paraqitjeve t\u00eb tij t\u00eb drejtp\u00ebrdrejta para publikut p\u00ebrmes ligj\u00ebratave t\u00eb ndryshme, si dhe duke shfryt\u00ebzuar rrjetet sociale dhe mjetet tjera t\u00eb informimit, p\u00ebrmes gjuh\u00ebs s\u00eb vrazhd\u00eb dhe interpretimit t\u00eb ajeteve kuranore jasht\u00eb kontekstit kohor dhe frym\u00ebs parimore islame, ka shtyr\u00eb t\u00eb tjer\u00ebt ta marrin rrug\u00ebn drejt zon\u00ebs s\u00eb konfliktit n\u00eb Siri dhe Irak e m\u00eb pas t\u00eb kryejn\u00eb akte terroriste, si dhe ka cil\u00ebsuar disa grupe fetare si armiq t\u00eb mysliman\u00ebve-sunit, duke nxitur dhe p\u00ebrhapur urrejtje, p\u00ebr\u00e7arje dhe mosdurim ndaj grupeve tjera fetare, t\u00eb cilat jetojn\u00eb edhe n\u00eb Republik\u00ebn e Kosov\u00ebs.<\/p>\n<p><strong>CILAT JAN\u00cb D\u00cbSHMIT-PROVAT MBI T\u00cb CILAT PROKURORIA KA NGRITUR AKTAKUZ\u00cbN?<\/strong><\/p>\n<p>Gjat\u00eb procedur\u00ebs penale s\u00eb prokuris\u00eb, faz\u00ebs s\u00eb hetimeve, prokurori i rastit, Elez Blakaj, i\u2019u \u00ebsht\u00eb drejtuar Kryesis\u00eb s\u00eb Bashk\u00ebsis\u00eb Islame t\u00eb Kosov\u00ebs me shkres\u00eb zyrtare n\u00eb lidhje me disa video-fjalimeve t\u00eb Shefqet Krasniqit, p\u00ebr sqarim dhe interpretim t\u00eb tyre nga BIK-u, se a ishin ato n\u00eb frym\u00ebn e kusht\u00ebtut\u00ebs s\u00eb Bashk\u00ebsis\u00eb Islame dhe n\u00eb frym\u00ebn e parimeve fetare islame.<\/p>\n<p>N\u00eb shkres\u00ebn e Prokurorirs\u00eb drejtuar BIK-ut, t\u00eb dat\u00ebs 18.7.2016, l\u00ebnda PPS.nr. 117\/2014, thuhet se, n\u00eb kuad\u00ebr t\u00eb provave dhe infromacioneve t\u00eb siguruara gjat\u00eb procedur\u00ebs hetimore jan\u00eb siguruar edhe dy video incizime t\u00eb publikuara koh\u00eb m\u00eb par\u00eb p\u00ebr publikun, n\u00eb t\u00eb cilat Shefeqet Krasniqi flet p\u00ebr tem\u00ebn e Siris\u00eb: a)&#8221;Ndihmone Sirin\u00eb&#8221;, b)&#8221;Revulucioni Sirian&#8221;.<\/p>\n<p>P\u00ebrmes k\u00ebsaj shkrese t\u00eb Prokuroris\u00eb kuptojm se, elementet e vepres penale p\u00ebr nxitje n\u00eb veprat terroriste q\u00eb Prokuroria pretendon se ka gjetur kund\u00ebr Shefqet Krasniqit, \u00ebsht\u00eb video-ligjerata e vitit 2012, ku z.Krasniqi n\u00eb fjalimin e dit\u00ebs s\u00eb premte (hytbe) ka predikuar p\u00ebr temen e Siris\u00eb, \u201cRevulucioni Sirian\u201d. Andaj edhe aktakuza e ngritur ndaj tij, \u00ebsht\u00eb pikrisht e mb\u00ebshtetur n\u00eb k\u00ebt\u00eb video-fjalim t\u00eb Krasniqit, n\u00eb t\u00eb cil\u00ebn Prokuroria pretendon se ka prova dhe d\u00ebshmi t\u00eb mjaftueshme kund\u00ebr tij, p\u00ebr faktin se fjalimi i tij i ka sh\u00ebrbyer p\u00ebr nxitje s\u00eb veprave terroriste, konkresisht, ka nxitur dhe ka shtyr\u00eb t\u00eb tjer\u00ebt ta marrin rrug\u00ebn drejt zon\u00ebs s\u00eb konfliktit n\u00eb Siri dhe Irak e m\u00eb pas t\u00eb kryejn\u00eb akte terroriste!<\/p>\n<p>N\u00eb aktakuz\u00ebn e imamit Shefqet Krasniqi, prokurori i rastit ka cekur se imami Krasniqi ka predikuar dhe ka interpretuar ajetet e Kuranit q\u00eb nuk jan\u00eb n\u00eb kontestin\u00eb kohor dhe n\u00eb frym\u00ebn e Islamit burimor!<\/p>\n<p>P\u00ebr shkak t\u00eb pamund\u00ebsis\u00eb p\u00ebr t\u2019a par\u00eb aktakuz\u00ebn e ngritur nga Prokuroria dhe provat q\u00eb jan\u00eb cekur n\u00eb t\u00eb -ngase sipas procedurave penale aktakuza e prokurorit i dor\u00ebzohet gjyqtarit i cili pasi th\u00ebrret seanc\u00ebn e konfirmimit t\u00eb aktakuz\u00ebs mbrenda tet\u00eb (8) dit\u00ebsh aktakuz\u00ebn i\u2019a dor\u00ebzon\u00eb t\u00eb pandehurit dhe mbrojt\u00ebsit t\u00eb tij (e deri n\u00eb at\u00eb afat ligjor\u00eb nuk ka mund\u00ebsi askush ta posedoj apo ta sheh at\u00eb shkres\u00eb)- at\u00ebher\u00eb ne do t\u00eb ndalemi dhe t\u00eb mundohemi t\u2019i japim shpjegim dy (2) pikave q\u00eb mendojm\u00eb se prokuroria ka ngritur akakuz\u00ebn mbi baz\u00ebn e tyre. K\u00ebto dy pika jan\u00eb cekur; nj\u00ebra n\u00eb k\u00ebrkes\u00ebn e Prokuorirs\u00eb drejtuar BIK-ut, dhe tjetra n\u00eb njoftimin zyrtar p\u00ebr media t\u00eb Prokuroris\u00eb, n\u00eb faq\u00ebn e saj zyrtare.<\/p>\n<p><strong>AKUZA E PAR\u00cb<\/strong><\/p>\n<p>N\u00eb aktakuz\u00ebn e Shefqet Krasniqit, prokurori i rastit ka cekur se imami Krasniqi ka predikuar dhe ka interpretuar ajetet e Kuranit q\u00eb nuk jan\u00eb n\u00eb kontestin\u00eb kohor dhe n\u00eb frym\u00ebn e Islamit burimor!<\/p>\n<p>T\u00eb thuhet kjo n\u00eb nj\u00eb aktakuz\u00eb nga nj\u00eb organ q\u00eb p\u00ebrfaq\u00ebson nj\u00eb instanc\u00eb t\u00eb lart\u00eb t\u00eb vet\u00eb shteti laik, \u00ebsht\u00eb shkelje flagrante e laicizmit, i p\u00ebrcaktuar n\u00eb nenin 8 t\u00eb Kushtetut\u00ebs s\u00eb Kosov\u00ebs, e cila p\u00ebrcakton se shteti i Kosov\u00ebs dhe insitucionet e saja jan\u00eb laike dhe neutrale n\u00eb \u00e7\u00ebshtje t\u00eb besimeve fetare.<\/p>\n<p>Prokurori n\u00eb k\u00ebt\u00eb rast do t\u00eb duhej t\u00eb ishte sa m\u00eb neutral dhe distancues ndaj referimit t\u00eb termeve fetare, e aq\u00eb m\u00eb tep\u00ebr ndaj fjal\u00ebve dhe shprehjeve t\u00eb cilat pretendojn\u00eb t\u00eb japin nj\u00eb vler\u00ebsim apo gjjykim e t\u00eb cilat kan\u00eb nuanca religjioze.<\/p>\n<p>Prokuroria Speciale e Kosov\u00ebs, kur i&#8217;u ishte drejtuar Bashk\u00ebsis\u00eb Islame t\u00eb Kosov\u00ebs me shkres\u00eb zyrtare, duke k\u00ebrkuar nga ta mendimin e tyre n\u00eb lidhje me disa video-fajalime t\u00eb imamit Krasniqi, BIK-u i\u2019u p\u00ebrgjigj me shkres\u00eb asaj dhe shprehu distancimin e plot\u00eb nga fjalimet dhe q\u00ebndrimet e Shefqet Krasniqit, dhe n\u00eb nj\u00eb nga paragrafet e k\u00ebsaj shkrese zyrtare t\u00eb BIK-ut drejtuar Prokuroris\u00eb, thuhej edhe kjo: &#8220;Imami<\/p>\n<p>Krasnqi ka b\u00ebr\u00eb interpretimin e ajeteve kuranore jasht\u00eb kontestit kohor dhe jasht\u00eb frym\u00ebs parimore islame&#8221;!<\/p>\n<p>Kjo p\u00ebrgjigje e japur nga BIK-u p\u00ebr zyrtar\u00ebt e Prokuoris\u00eb Spicale, u p\u00ebrdor nga Prokuroria. Kur Prokuroria nxorri aktakuz\u00ebn ndaj imamit Krasniqi, pjesa q\u00eb m\u00eb shumti bie n\u00eb sy n\u00eb k\u00ebt\u00eb aktakuz\u00eb t\u00eb Prokuroris\u00eb \u00ebsht\u00eb fjala e cila \u00ebsht\u00eb marrur decitivisht nga shkresa zyrtare e l\u00ebshuar nga zyrtari i BIK-ut, n\u00eb t\u00eb cil\u00ebn thuhet se Imami Krasnqi \u201cka b\u00ebr\u00eb interpretimin e ajeteve kuranore jasht\u00eb kontestit kohor dhe jasht\u00eb frym\u00ebs parimore islame&#8221;!<\/p>\n<p>Ndon\u00ebse fjal\u00ebt e prokurorit n\u00eb k\u00ebt\u00eb rast nuk ishin t\u00eb tijat, por t\u00eb marrura nga shkresa-p\u00ebrgjigjja e Bashk\u00ebsis\u00eb Islame, megjithat\u00eb, ato prap nuk do t\u00eb duheshin t\u00eb cekeshin n\u00eb akakuz\u00eb, ngase me k\u00ebt\u00eb i ipet ngjyrim fetar\u00eb vet\u00eb shkres\u00ebs s\u00eb prokuoris\u00eb e cila do t\u00eb duhej t\u00eb supozohej t\u00eb ishte neutrale ndaj \u00e7do elementi religjioz!<\/p>\n<p><strong>AKUZA E DYT\u00cb<\/strong><\/p>\n<p>Gjat\u00eb procedur\u00ebs hetimore ndaj Shefqet Krasniqit \u2013p\u00ebrmes nj\u00eb shkrese zyrtare q\u00eb \u00ebsht\u00eb publikuar nga mediat- \u00ebsht\u00eb par\u00eb q\u00eb Prokurori i rastit, Elez Blakaj, i\u2019u \u00ebsht\u00eb drejtuar Kryesis\u00eb s\u00eb Bashk\u00ebsis\u00eb Islame t\u00eb Kosov\u00ebs me shkres\u00eb zyrtare n\u00eb lidhje me disa video-fjalimeve t\u00eb Shefqet Krasniqit, p\u00ebr sqarim dhe interpretim t\u00eb tyre nga BIK-u, se a ishin ato n\u00eb frym\u00ebn e kusht\u00ebtut\u00ebs s\u00eb Bashk\u00ebsis\u00eb Islame dhe n\u00eb frym\u00ebn e parimeve fetare islame.<\/p>\n<p>Por, \u00e7far\u00eb n\u00eb t\u00eb v\u00ebrtet\u00eb p\u00ebrmban\u00eb ky video-fjalim i Sheqet Krasniqit p\u00ebr Sirin\u00eb?!<\/p>\n<p>Pas nj\u00eb studimi t\u00eb detajuar q\u00eb j\u2019a kam b\u00ebr\u00eb k\u00ebtij materiali, kam nxjerrur disa p\u00ebrfundime t\u00eb cilat do t\u2019i shpalosi m\u00eb posht\u00eb.<\/p>\n<p>Me dat\u00eb 26 Mars 2012 n\u00eb rrjetin social \u2019Youtube\u2019 ishte publikar video-ligjerata e Shefqet Krasniqit \u201cRevulucioni Sirian\u201d, e cila edhe sot \u00ebsht\u00eb aktive. Pos k\u00ebsaj, jan\u00eb edhe disa video-fjalime t\u00eb tjera t\u00eb Shefqet Krasniqit t\u00eb cilat flasin\u00eb ekskluzivisht\u00eb p\u00ebr k\u00ebt\u00eb teme.<\/p>\n<p>Ky material, video-ligjerat, i publikuar n\u00eb \u2018Youtube\u2019 n\u00eb vitin 2012, me titullin \u201cRevulucioni Sirian\u201d, n\u00eb t\u00eb cilin Shefqet Krasniqi i flet dhe predikon p\u00ebr vler\u00ebn dhe r\u00ebnd\u00ebsin e shtetit Sirian nga konetacioni dhe prizmi fetar\u00eb, \u00ebsht\u00eb p\u00ebrdorur nga mediat e ndryshme si argument kund\u00ebt t\u00eb akuzuari z.Krasniqi, ku sipas pretendimeve t\u00eb tyre z.Krasniqi ka b\u00ebr\u00eb thirrje dhe ka nxitur q\u00eb t\u00eb luftohet n\u00eb Siri!<\/p>\n<p>S\u00eb pari,<br \/>\nmateriali ligjerues ka qen\u00eb i protokoluar dhe i l\u00ebshuar si qarkore nga Bashk\u00ebsia Islame e Kosov\u00ebs n\u00ebp\u00ebrmjet t\u00eb cil\u00ebs \u00ebsht\u00eb k\u00ebrkuar nga t\u00eb gjith\u00eb punonj\u00ebsit\u00eb (imam\u00ebt) e BIK-ut q\u00eb n\u00eb ligjerat\u00ebn e s\u00eb premt\u00ebs (hytbe) t\u00eb vitit 2012 t\u00eb ligjerohet p\u00ebr tem\u00ebn e Siris\u00eb, vler\u00ebn dhe r\u00ebnd\u00ebsin q\u00eb ka Siria n\u00eb aspektin fetar\u00eb \u2013 sipas vendimit t\u00eb l\u00ebshuar nga zyra qendrore e BIK-ut.<\/p>\n<p>Ky vendim i l\u00ebshuar nga Bashk\u00ebsia Islame nuk ka qen\u00eb i referuar dhe i aplikuesh\u00ebm vet\u00ebm p\u00ebr z.Krasniqi, por p\u00ebr t\u00eb gjith\u00eb imam\u00ebt e Republik\u00ebs s\u00eb Kosov\u00ebs.<\/p>\n<p>S\u00eb dyti,<br \/>\nn\u00eb koh\u00ebn kur Shefqet Krasniqi ka ligjeruar p\u00ebr \u00e7\u00ebshtjen e Siris\u00eb, ligjerim i cili \u00ebsht\u00eb k\u00ebrkuar me vendimin e BIK-ut, n\u00eb at\u00eb koh\u00eb, viti 2012, lufta n\u00eb Siri ka pasur karakter t\u00eb luft\u00ebs \u00e7lirimtare, revolucion popullor, ku k\u00ebrkohej rr\u00ebzimi i pushtetit diktatorial t\u00eb Bashar Al-Assadit nga opozita e lir\u00eb siriane. Nj\u00ebherish, nj\u00eb luft\u00eb e till\u00eb p\u00ebrkrahej dhe mb\u00ebshtetej nga OKB-ja dhe nga shtetet e m\u00ebdha europiane e perendimore. Madje, edhe Qeveria e Kosov\u00ebs kishte shprehur mb\u00ebshtetjen e saj ndaj popullit sirian n\u00eb revolucionin e saj popullur kund\u00ebr gjenocidit q\u00eb ushtrohej mbi ta.<\/p>\n<p>N\u00eb at\u00eb koh\u00eb, viti 2012, lufta n\u00eb Siri ka qen\u00eb me karakter idealist popullor, ka qen\u00eb e past\u00ebr dhe ka pasur p\u00ebrkrahjen e nd\u00ebrkomb\u00ebtar\u00ebve, sa q\u00eb edhe SHBA-ja p\u00ebrkrahte kryengrit\u00ebsit sirian duke u derguar mb\u00ebshtetje ushtarake t\u00eb arm\u00ebve. N\u00eb at\u00eb koh\u00eb nuk kan\u00eb qen\u00eb t\u00eb infiltruara organizatat terroriste dhe grupet tjera n\u00eb konfliktin sirian. Organizata \u201cISIS\u201d dhe \u201cAl Nusra\u201d jan\u00eb infiltruar n\u00eb konfliktin sirian n\u00eb dhjetor t\u00eb vitit 2013, nd\u00ebrsa n\u00eb fillim t\u00eb vitit 2014 jan\u00eb shpallur organizata terroriste. Andaj \u00ebsht\u00eb e pakuptimt dhe e pabaz\u00eb t\u00eb thuhet se Shefqet Krasniqi ka b\u00ebr\u00eb thirrje dhe ka nxitur q\u00eb njer\u00ebzit t\u2019u bashkangjiten organizatave terroriste, kur n\u00eb at\u00eb at\u00eb koh\u00eb kur z.Krasniqi ka ligjeruar p\u00ebr Sirin\u00eb, ISIS dhe organizatat tjera kriminale e terroriste nuk kan\u00eb qen\u00eb pjes\u00eb e konfliktit sirian, madje nuk kan\u00eb qen\u00eb as t\u00eb shpallura si organizata terroriste!<\/p>\n<p>E gjitha \u00e7far\u00eb mund t\u2019i shtohet k\u00ebsaj \u00ebsht\u00eb se, Shefqet Krasniqi me ligjerimin e tij p\u00ebr Sirin\u00eb n\u00eb vitin 2012, i\u2019u \u00ebsht\u00eb bashkuar thirrjeve dhe qendrimeve t\u00eb diplomat\u00ebve nd\u00ebrkomb\u00ebtar, t\u00eb zyrtar\u00ebve t\u00eb lart\u00eb t\u00eb shteteve europiane dhe perendimore, t\u00eb cil\u00ebt d\u00ebnonin ashp\u00ebr regjimin e pushtetit sirian, t\u00eb Bashar Al-Assadit (fotot n\u00eb fund t\u00eb shkrimit).<\/p>\n<p>P\u00ebr fund themi se, se t\u00eb gjitha akuzat p\u00ebr t\u00eb cilat akuzohet Shefqet Krasniqi, n\u00eb lidhje me luft\u00ebn n\u00eb Siri, jan\u00eb t\u00eb padrejta dhe t\u00eb ndikuara politikisht, ngase z.Krasniqi q\u00eb nga viti 2012 e deri m\u00eb sot, n\u00eb t\u00eb gjitha fjalimet e tija publike, qoft\u00eb n\u00eb shkrimet autoriale t\u00eb tija, qoft\u00eb n\u00eb video-ligjeratat e tija fetare, ka d\u00ebnuar shkuarjen e shqip\u00ebtar\u00ebve n\u00eb Siri dhe ka b\u00ebr\u00eb thirrje q\u00eb Siria t\u00eb ndihmohet, si\u00e7 thot\u00eb ai, me dua (lutje).<\/p>\n<p>Ndon\u00ebse gjyq\u00ebsia e Kosov\u00ebs \u00ebsht\u00eb e kapur nga pushteti, sipas dosjes \u201cpronto\u201d ku d\u00ebshmohet se njer\u00ebzit e partis\u00eb n\u00eb pushtet jan\u00eb em\u00ebruar n\u00eb krye t\u00eb Prokuroris\u00eb pa konkuruar fare, dhe kur Prokuroria shpesh bie pre e presionit t\u00eb ashp\u00ebr mediatik, megjithat\u00eb, shpresojm\u00eb vendimi i fundit i gjyq\u00ebsis\u00eb t\u00eb jet\u00eb i drejt\u00eb, i paansh\u00ebm dhe i pa prekur nga politika. Shpresojm\u00eb n\u00eb drejt\u00ebsin\u00eb e shtetit ton\u00eb!<\/p>\n<p><em>(M\u00eb posht\u00eb jan\u00eb fotot q\u00eb d\u00ebshmojn\u00eb at\u00eb q\u00eb thash m\u00eb lart\u00eb se, Shefqet Krasniqi me ligjerimin e tij p\u00ebr Sirin\u00eb n\u00eb vitin 2012, i\u2019u \u00ebsht\u00eb bashkuar thirrjeve dhe qendrimeve t\u00eb diplomat\u00ebve nd\u00ebrkomb\u00ebtar, t\u00eb zyrtar\u00ebve t\u00eb lart\u00eb t\u00eb shteteve europiane dhe perendimore, t\u00eb cil\u00ebt d\u00ebnonin ashp\u00ebr regjimin e pushtetit sirian, t\u00eb Bashar Al-Assadit)<\/em><\/p>\n<p><img decoding=\"async\" src=\"https:\/\/prizrenpost.com\/al\/wp-content\/uploads\/2017\/05\/1.png\" alt=\"\" width=\"100%\" height=\"\" class=\"aligncenter size-full wp-image-32516\" srcset=\"https:\/\/prizrenpost.com\/al\/wp-content\/uploads\/2017\/05\/1.png 651w, https:\/\/prizrenpost.com\/al\/wp-content\/uploads\/2017\/05\/1-163x300.png 163w, https:\/\/prizrenpost.com\/al\/wp-content\/uploads\/2017\/05\/1-556x1024.png 556w\" sizes=\"(max-width: 651px) 100vw, 651px\" \/><\/p>\n<p><img decoding=\"async\" src=\"https:\/\/prizrenpost.com\/al\/wp-content\/uploads\/2017\/05\/2.png\" alt=\"\" width=\"100%\" height=\"\" class=\"aligncenter size-full wp-image-32517\" srcset=\"https:\/\/prizrenpost.com\/al\/wp-content\/uploads\/2017\/05\/2.png 876w, https:\/\/prizrenpost.com\/al\/wp-content\/uploads\/2017\/05\/2-219x300.png 219w, https:\/\/prizrenpost.com\/al\/wp-content\/uploads\/2017\/05\/2-768x1052.png 768w, https:\/\/prizrenpost.com\/al\/wp-content\/uploads\/2017\/05\/2-748x1024.png 748w\" sizes=\"(max-width: 876px) 100vw, 876px\" \/><\/p>\n<p><img decoding=\"async\" src=\"https:\/\/prizrenpost.com\/al\/wp-content\/uploads\/2017\/05\/3.png\" alt=\"\" width=\"100%\" height=\"\" class=\"aligncenter size-full wp-image-32519\" srcset=\"https:\/\/prizrenpost.com\/al\/wp-content\/uploads\/2017\/05\/3.png 1015w, https:\/\/prizrenpost.com\/al\/wp-content\/uploads\/2017\/05\/3-254x300.png 254w, https:\/\/prizrenpost.com\/al\/wp-content\/uploads\/2017\/05\/3-768x908.png 768w, https:\/\/prizrenpost.com\/al\/wp-content\/uploads\/2017\/05\/3-866x1024.png 866w\" sizes=\"(max-width: 1015px) 100vw, 1015px\" \/><\/p>\n<p><img decoding=\"async\" src=\"https:\/\/prizrenpost.com\/al\/wp-content\/uploads\/2017\/05\/4.png\" alt=\"\" width=\"100%\" height=\"\" class=\"aligncenter size-full wp-image-32520\" srcset=\"https:\/\/prizrenpost.com\/al\/wp-content\/uploads\/2017\/05\/4.png 1146w, https:\/\/prizrenpost.com\/al\/wp-content\/uploads\/2017\/05\/4-287x300.png 287w, https:\/\/prizrenpost.com\/al\/wp-content\/uploads\/2017\/05\/4-768x804.png 768w, https:\/\/prizrenpost.com\/al\/wp-content\/uploads\/2017\/05\/4-978x1024.png 978w\" sizes=\"(max-width: 1146px) 100vw, 1146px\" \/><\/p>\n<p><img decoding=\"async\" src=\"https:\/\/prizrenpost.com\/al\/wp-content\/uploads\/2017\/05\/5.png\" alt=\"\" width=\"100%\" height=\"\" class=\"aligncenter size-full wp-image-32521\" srcset=\"https:\/\/prizrenpost.com\/al\/wp-content\/uploads\/2017\/05\/5.png 993w, https:\/\/prizrenpost.com\/al\/wp-content\/uploads\/2017\/05\/5-248x300.png 248w, https:\/\/prizrenpost.com\/al\/wp-content\/uploads\/2017\/05\/5-768x928.png 768w, https:\/\/prizrenpost.com\/al\/wp-content\/uploads\/2017\/05\/5-847x1024.png 847w\" sizes=\"(max-width: 993px) 100vw, 993px\" \/><\/p>\n<p><img decoding=\"async\" src=\"https:\/\/prizrenpost.com\/al\/wp-content\/uploads\/2017\/05\/6.png\" alt=\"\" width=\"100%\" height=\"\" class=\"aligncenter size-full wp-image-32522\" srcset=\"https:\/\/prizrenpost.com\/al\/wp-content\/uploads\/2017\/05\/6.png 1200w, https:\/\/prizrenpost.com\/al\/wp-content\/uploads\/2017\/05\/6-150x150.png 150w, https:\/\/prizrenpost.com\/al\/wp-content\/uploads\/2017\/05\/6-300x297.png 300w, https:\/\/prizrenpost.com\/al\/wp-content\/uploads\/2017\/05\/6-768x761.png 768w, https:\/\/prizrenpost.com\/al\/wp-content\/uploads\/2017\/05\/6-1024x1015.png 1024w, https:\/\/prizrenpost.com\/al\/wp-content\/uploads\/2017\/05\/6-100x100.png 100w\" sizes=\"(max-width: 1200px) 100vw, 1200px\" \/><\/p>\n<p><img decoding=\"async\" src=\"https:\/\/prizrenpost.com\/al\/wp-content\/uploads\/2017\/05\/7.png\" alt=\"\" width=\"100%\" height=\"\" class=\"aligncenter size-full wp-image-32523\" srcset=\"https:\/\/prizrenpost.com\/al\/wp-content\/uploads\/2017\/05\/7.png 981w, https:\/\/prizrenpost.com\/al\/wp-content\/uploads\/2017\/05\/7-245x300.png 245w, https:\/\/prizrenpost.com\/al\/wp-content\/uploads\/2017\/05\/7-768x939.png 768w, https:\/\/prizrenpost.com\/al\/wp-content\/uploads\/2017\/05\/7-837x1024.png 837w\" sizes=\"(max-width: 981px) 100vw, 981px\" \/><\/p>\n<p><img decoding=\"async\" src=\"https:\/\/prizrenpost.com\/al\/wp-content\/uploads\/2017\/05\/8.png\" alt=\"\" width=\"100%\" height=\"\" class=\"aligncenter size-full wp-image-32524\" srcset=\"https:\/\/prizrenpost.com\/al\/wp-content\/uploads\/2017\/05\/8.png 1034w, https:\/\/prizrenpost.com\/al\/wp-content\/uploads\/2017\/05\/8-259x300.png 259w, https:\/\/prizrenpost.com\/al\/wp-content\/uploads\/2017\/05\/8-768x891.png 768w, https:\/\/prizrenpost.com\/al\/wp-content\/uploads\/2017\/05\/8-882x1024.png 882w\" sizes=\"(max-width: 1034px) 100vw, 1034px\" \/><\/p>\n<p><img decoding=\"async\" src=\"https:\/\/prizrenpost.com\/al\/wp-content\/uploads\/2017\/05\/9.png\" alt=\"\" width=\"100%\" height=\"\" class=\"aligncenter class=\"alignleft size-full wp-image-32525\" srcset=\"https:\/\/prizrenpost.com\/al\/wp-content\/uploads\/2017\/05\/9.png 1142w, https:\/\/prizrenpost.com\/al\/wp-content\/uploads\/2017\/05\/9-286x300.png 286w, https:\/\/prizrenpost.com\/al\/wp-content\/uploads\/2017\/05\/9-768x807.png 768w, https:\/\/prizrenpost.com\/al\/wp-content\/uploads\/2017\/05\/9-975x1024.png 975w\" sizes=\"(max-width: 1142px) 100vw, 1142px\" \/><\/p>\n<p>REFERENCA: <\/p>\n<p>1. http:\/\/www.psh-ks.net\/sq\/lajme\/prokuroria-speciale-e-republikes-se-kosoves-ka-ngritur-aktakuze-kunder-te-pandehurit-shk-per-vepra-penale-qe-nderlidhen-me-terrorizmin<\/p>\n<p>2. Asambleja e P\u00ebrgjithshme voton rezolut\u00ebn p\u00ebr Sirin\u00eb http:\/\/botasot.info\/bota\/155536\/asambleja-e-pergjithshme-voton-rezoluten-per-sirine\/<\/p>\n<p>3. SHBA furnizon me arm\u00eb kryengrit\u00ebsit n\u00eb Siri http:\/\/www.telegrafi.com\/lajme\/shba-furnizon-me-arme-kryengritesit-ne-siri-4-14264.html<\/p>\n<p>4. KerrySHBA, fonde shtes\u00eb p\u00ebr kryengrit\u00ebsit sirian\u00eb http:\/\/www.oranews.tv\/bota\/krreyshba-do-ndihmoje-kryengritesit-ne-siri-me-fonde-shtese\/<\/p>\n<p>5. Asambleja e P\u00ebrgjithshme e Kombeve t\u00eb Bashkuara d\u00ebnon regjimin sirian http:\/\/www.abcnews.al\/lajme\/bota\/6\/30891<\/p>\n<p>6. SHBA Mb\u00ebshtetet d\u00ebrgimi i arm\u00ebve p\u00ebr kryengrit\u00ebsit sirian\u00eb http:\/\/botasot.info\/bota\/224412\/shba-mbeshtetet-dergimi-i-armeve-per-kryengritesit-siriane\/<\/p>\n<p>7. Obama e miratoi d\u00ebrgim t\u00eb arm\u00ebve p\u00ebr kryengrit\u00ebsit sirian\u00eb http:\/\/sq.kurir.mk\/bota\/lajme\/20181-obama-e-miratoi-dergim-te-armeve-per-kryengritesit-siriane<\/p>\n<p>8. CIA autorizohet p\u00ebr t\u00eb furnizuar me arm\u00eb kryengrit\u00ebsit sirian\u00eb http:\/\/koha.net\/arkiva\/?page=1,16,149097<\/p>\n<p>9. SHBA, mb\u00ebshtetje ushtarake p\u00ebr rebel\u00ebt sirian\u00eb http:\/\/grid.al\/read\/article\/3404293\/shba-mbeshtetje-ushtarake-per-rebelet-siriane<\/p>\n<p>10. Qeveria e Kosov\u00ebs d\u00ebnon vrasjet dhe represionin n\u00eb Siri http:\/\/www.mfa-ks.net\/?page=1,4,1104&#038;offset=1<\/p>\n<p><strong>*Opinionet e autor\u00ebve nuk paraqesin domosdoshm\u00ebrisht edhe opinionin e Prizren Post.<\/strong><\/p>\n","protected":false},"excerpt":{"rendered":"<p>Me dat\u00eb 27 Shkurt 2017 Prokuroria Speciale e Republik\u00ebs s\u00eb Kosov\u00ebs p\u00ebrmes nj\u00eb njoftimi n\u00eb faq\u00ebn e saj zyrtare ka njoftuar se ka ngritur aktakuz\u00eb kund\u00ebr Shefqet Krasniqit p\u00ebr vepra penale q\u00eb nd\u00ebrlidhen me terrorizmin. N\u00eb aktakuz\u00ebn e ngritur t\u00eb Prokuroris\u00eb Speciale t\u00eb Kosov\u00ebs ndaj Shefqet Krasniqit, thuhet se ai akuzohet p\u00ebr veprat penale; shtytja [&hellip;]<\/p>\n","protected":false},"author":1,"featured_media":32526,"comment_status":"open","ping_status":"open","sticky":false,"template":"","format":"standard","meta":{"footnotes":""},"categories":[8],"tags":[2182,119],"class_list":["post-32515","post","type-post","status-publish","format-standard","has-post-thumbnail","hentry","category-opinione","tag-gen-kelmendi","tag-opinione"],"_links":{"self":[{"href":"https:\/\/prizrenpost.com\/al\/wp-json\/wp\/v2\/posts\/32515","targetHints":{"allow":["GET"]}}],"collection":[{"href":"https:\/\/prizrenpost.com\/al\/wp-json\/wp\/v2\/posts"}],"about":[{"href":"https:\/\/prizrenpost.com\/al\/wp-json\/wp\/v2\/types\/post"}],"author":[{"embeddable":true,"href":"https:\/\/prizrenpost.com\/al\/wp-json\/wp\/v2\/users\/1"}],"replies":[{"embeddable":true,"href":"https:\/\/prizrenpost.com\/al\/wp-json\/wp\/v2\/comments?post=32515"}],"version-history":[{"count":0,"href":"https:\/\/prizrenpost.com\/al\/wp-json\/wp\/v2\/posts\/32515\/revisions"}],"wp:featuredmedia":[{"embeddable":true,"href":"https:\/\/prizrenpost.com\/al\/wp-json\/wp\/v2\/media\/32526"}],"wp:attachment":[{"href":"https:\/\/prizrenpost.com\/al\/wp-json\/wp\/v2\/media?parent=32515"}],"wp:term":[{"taxonomy":"category","embeddable":true,"href":"https:\/\/prizrenpost.com\/al\/wp-json\/wp\/v2\/categories?post=32515"},{"taxonomy":"post_tag","embeddable":true,"href":"https:\/\/prizrenpost.com\/al\/wp-json\/wp\/v2\/tags?post=32515"}],"curies":[{"name":"wp","href":"https:\/\/api.w.org\/{rel}","templated":true}]}}