{"id":32547,"date":"2017-05-25T20:55:56","date_gmt":"2017-05-25T18:55:56","guid":{"rendered":"http:\/\/www.gazetaexpress.com\/lajme\/kryeministri-malazias-ia-ze-udhen-trump-e-shtyn-me-force-video-377984\/"},"modified":"2017-05-25T22:11:43","modified_gmt":"2017-05-25T20:11:43","slug":"kryeministri-malazias-ia-ze-udhen-trump-e-shtyn-me-force-video","status":"publish","type":"post","link":"https:\/\/prizrenpost.com\/al\/kryeministri-malazias-ia-ze-udhen-trump-e-shtyn-me-force-video\/","title":{"rendered":"Kryeministri malazias &#8216;ia z\u00eb udh\u00ebn&#8217;, Trump e shtyn me forc\u00eb (Video)"},"content":{"rendered":"<p><img decoding=\"async\" src=\"https:\/\/prizrenpost.com\/al\/wp-content\/uploads\/2017\/05\/kryeministri-malazias-ia-ze-udhen-trump-e-shtyn-me-force-video.jpg\"><\/p>\n<p>[youtube zrTOlNDMTvg]<\/p>\n<p>Presidenti i Shteteve t\u00eb Bashkuara t\u00eb Amerik\u00ebs,\u00a0Donald Trump, e ka shtyr\u00eb me forc\u00eb kryeministrin e Malit t\u00eb Zi, Dushko Markoviq.\u00a0<\/p>\n<p>Numri nj\u00eb i Amerik\u00ebs po ecte bashk\u00eb me udh\u00ebheq\u00ebs t\u00eb tjer\u00eb bot\u00ebror\u00eb kur me forc\u00eb i ka\u00a0hapur rrug\u00eb vetes,\u00a0p\u00ebr t\u00eb dalur para udh\u00ebheq\u00ebsve t\u00eb tjer\u00eb t\u00eb NATO&#8217;s.<\/p>\n","protected":false},"excerpt":{"rendered":"<p>[youtube zrTOlNDMTvg] Presidenti i Shteteve t\u00eb Bashkuara t\u00eb Amerik\u00ebs,\u00a0Donald Trump, e ka shtyr\u00eb me forc\u00eb kryeministrin e Malit t\u00eb Zi, Dushko Markoviq.\u00a0 Numri nj\u00eb i Amerik\u00ebs po ecte bashk\u00eb me udh\u00ebheq\u00ebs t\u00eb tjer\u00eb bot\u00ebror\u00eb kur me forc\u00eb i ka\u00a0hapur rrug\u00eb vetes,\u00a0p\u00ebr t\u00eb dalur para udh\u00ebheq\u00ebsve t\u00eb tjer\u00eb t\u00eb NATO&#8217;s.<\/p>\n","protected":false},"author":1,"featured_media":32548,"comment_status":"open","ping_status":"closed","sticky":false,"template":"","format":"standard","meta":{"footnotes":""},"categories":[1],"tags":[821,3282],"class_list":["post-32547","post","type-post","status-publish","format-standard","has-post-thumbnail","hentry","category-lajme","tag-donald-trump","tag-trump"],"_links":{"self":[{"href":"https:\/\/prizrenpost.com\/al\/wp-json\/wp\/v2\/posts\/32547","targetHints":{"allow":["GET"]}}],"collection":[{"href":"https:\/\/prizrenpost.com\/al\/wp-json\/wp\/v2\/posts"}],"about":[{"href":"https:\/\/prizrenpost.com\/al\/wp-json\/wp\/v2\/types\/post"}],"author":[{"embeddable":true,"href":"https:\/\/prizrenpost.com\/al\/wp-json\/wp\/v2\/users\/1"}],"replies":[{"embeddable":true,"href":"https:\/\/prizrenpost.com\/al\/wp-json\/wp\/v2\/comments?post=32547"}],"version-history":[{"count":0,"href":"https:\/\/prizrenpost.com\/al\/wp-json\/wp\/v2\/posts\/32547\/revisions"}],"wp:featuredmedia":[{"embeddable":true,"href":"https:\/\/prizrenpost.com\/al\/wp-json\/wp\/v2\/media\/32548"}],"wp:attachment":[{"href":"https:\/\/prizrenpost.com\/al\/wp-json\/wp\/v2\/media?parent=32547"}],"wp:term":[{"taxonomy":"category","embeddable":true,"href":"https:\/\/prizrenpost.com\/al\/wp-json\/wp\/v2\/categories?post=32547"},{"taxonomy":"post_tag","embeddable":true,"href":"https:\/\/prizrenpost.com\/al\/wp-json\/wp\/v2\/tags?post=32547"}],"curies":[{"name":"wp","href":"https:\/\/api.w.org\/{rel}","templated":true}]}}