{"id":32619,"date":"2017-05-27T13:57:57","date_gmt":"2017-05-27T11:57:57","guid":{"rendered":"http:\/\/www.gazetaexpress.com\/lajme\/ternava-per-muajin-e-ramazanit-ben-thirrje-per-rritjen-e-solidaritetit-378717\/"},"modified":"2017-05-27T16:03:30","modified_gmt":"2017-05-27T14:03:30","slug":"ternava-per-muajin-e-ramazanit-ben-thirrje-ne-rritjen-e-solidaritetit","status":"publish","type":"post","link":"https:\/\/prizrenpost.com\/al\/ternava-per-muajin-e-ramazanit-ben-thirrje-ne-rritjen-e-solidaritetit\/","title":{"rendered":"T\u00ebrnava p\u00ebr muajin e Ramazanit b\u00ebn thirrje n\u00eb rritjen e solidaritetit"},"content":{"rendered":"<p><img decoding=\"async\" src=\"https:\/\/prizrenpost.com\/al\/wp-content\/uploads\/2017\/05\/ternava-per-muajin-e-ramazanit-ben-thirrje-ne-rritjen-e-solidaritetit.jpg\"><\/p>\n<p>Autoritetet fetare n\u00eb Kosov\u00eb u kan\u00eb uruar t\u00eb gjith\u00eb besimtar\u00ebve mysliman\u00eb n\u00eb vend nj\u00eb agj\u00ebrim t\u00eb leht\u00eb, nd\u00ebrsa kan\u00eb b\u00ebr\u00eb thirrje p\u00ebr rritjen e solidaritetit.<\/p>\n<p>Myftiu i Kosov\u00ebs, Naim T\u00ebrnava, i ka uruar t\u00eb gjith\u00eb besimtar\u00ebt islam\u00eb p\u00ebr muajin e shenjt\u00eb t\u00eb Ramazanit.<\/p>\n<p>\u201cAgj\u00ebrimi p\u00ebr besimtar\u00ebt \u00ebsht\u00eb nj\u00eb ibadet q\u00eb bart\u00eb n\u00eb vete p\u00ebrkushtimin, vendosm\u00ebrin\u00eb, bindjen, urt\u00ebsin\u00eb, devotshm\u00ebrin\u00eb, sinqeritetin, dashurin\u00eb, sakrific\u00ebn, unitetin, toleranc\u00ebn e mir\u00ebkuptimin, vlera k\u00ebto q\u00eb e ekuilibrojn\u00eb njeriun, e fisnik\u00ebrojn\u00eb shoq\u00ebrin\u00eb, si dhe ndikojn\u00eb n\u00eb reflektimin p\u00ebr hyjnoren, njer\u00ebzoren e humanen\u201d, ka th\u00ebn\u00eb zoti T\u00ebrnava.<\/p>\n<p>T\u00ebrnava ka shtuar se \u201cMuaji i Ramazanit \u00ebsht\u00eb muaj n\u00eb t\u00eb cilin besimtar\u00ebt shtojn\u00eb, rrisin ndershm\u00ebrin\u00eb, rrisin kujdesin ndaj nj\u00ebri-tjetrit, b\u00ebhen m\u00eb human\u00eb, m\u00eb t\u00eb dashur e m\u00eb paq\u00ebsor, m\u00eb social, m\u00eb familjar\u00eb e m\u00eb t\u00eb devotsh\u00ebm\u201d.<\/p>\n<p>Muaji i Ramazanit \u00ebsht\u00eb periudha kur besimtar\u00ebt p\u00ebrmbahen rrept\u00ebsisht nga ngr\u00ebnia, pirja dhe k\u00ebnaq\u00ebsit\u00eb trupore, q\u00eb nga lindja e Diellit e deri n\u00eb per\u00ebndim t\u00eb tij.<\/p>\n","protected":false},"excerpt":{"rendered":"<p>Autoritetet fetare n\u00eb Kosov\u00eb u kan\u00eb uruar t\u00eb gjith\u00eb besimtar\u00ebve mysliman\u00eb n\u00eb vend nj\u00eb agj\u00ebrim t\u00eb leht\u00eb, nd\u00ebrsa kan\u00eb b\u00ebr\u00eb thirrje p\u00ebr rritjen e solidaritetit. Myftiu i Kosov\u00ebs, Naim T\u00ebrnava, i ka uruar t\u00eb gjith\u00eb besimtar\u00ebt islam\u00eb p\u00ebr muajin e shenjt\u00eb t\u00eb Ramazanit. \u201cAgj\u00ebrimi p\u00ebr besimtar\u00ebt \u00ebsht\u00eb nj\u00eb ibadet q\u00eb bart\u00eb n\u00eb vete p\u00ebrkushtimin, vendosm\u00ebrin\u00eb, [&hellip;]<\/p>\n","protected":false},"author":1,"featured_media":32620,"comment_status":"open","ping_status":"closed","sticky":false,"template":"","format":"standard","meta":{"footnotes":""},"categories":[14],"tags":[48,711,1978],"class_list":["post-32619","post","type-post","status-publish","format-standard","has-post-thumbnail","hentry","category-kombetare","tag-kosove","tag-naim-ternava","tag-ramazani"],"_links":{"self":[{"href":"https:\/\/prizrenpost.com\/al\/wp-json\/wp\/v2\/posts\/32619","targetHints":{"allow":["GET"]}}],"collection":[{"href":"https:\/\/prizrenpost.com\/al\/wp-json\/wp\/v2\/posts"}],"about":[{"href":"https:\/\/prizrenpost.com\/al\/wp-json\/wp\/v2\/types\/post"}],"author":[{"embeddable":true,"href":"https:\/\/prizrenpost.com\/al\/wp-json\/wp\/v2\/users\/1"}],"replies":[{"embeddable":true,"href":"https:\/\/prizrenpost.com\/al\/wp-json\/wp\/v2\/comments?post=32619"}],"version-history":[{"count":0,"href":"https:\/\/prizrenpost.com\/al\/wp-json\/wp\/v2\/posts\/32619\/revisions"}],"wp:featuredmedia":[{"embeddable":true,"href":"https:\/\/prizrenpost.com\/al\/wp-json\/wp\/v2\/media\/32620"}],"wp:attachment":[{"href":"https:\/\/prizrenpost.com\/al\/wp-json\/wp\/v2\/media?parent=32619"}],"wp:term":[{"taxonomy":"category","embeddable":true,"href":"https:\/\/prizrenpost.com\/al\/wp-json\/wp\/v2\/categories?post=32619"},{"taxonomy":"post_tag","embeddable":true,"href":"https:\/\/prizrenpost.com\/al\/wp-json\/wp\/v2\/tags?post=32619"}],"curies":[{"name":"wp","href":"https:\/\/api.w.org\/{rel}","templated":true}]}}