{"id":32650,"date":"2017-05-28T12:58:39","date_gmt":"2017-05-28T10:58:39","guid":{"rendered":"http:\/\/www.gazetaexpress.com\/lajme\/a-po-vjen-fundi-i-korese-veriore-378828\/"},"modified":"2017-05-28T13:43:39","modified_gmt":"2017-05-28T11:43:39","slug":"a-po-vjen-fundi-i-korese-veriore-ja-veprimi-i-shba-se","status":"publish","type":"post","link":"https:\/\/prizrenpost.com\/al\/a-po-vjen-fundi-i-korese-veriore-ja-veprimi-i-shba-se\/","title":{"rendered":"A po vjen fundi i Kores\u00eb Veriore? Ja veprimi i SHBA-s\u00eb"},"content":{"rendered":"<p><img decoding=\"async\" src=\"https:\/\/prizrenpost.com\/al\/wp-content\/uploads\/2017\/05\/a-po-vjen-fundi-i-korese-veriore-ja-veprimi-i-shba-se.jpg\"><\/p>\n<p>Aeroplanmbajt\u00ebsja\u00a0USS Nimitz, nj\u00eb nga anijet luftarake m\u00eb t\u00eb m\u00ebdha n\u00eb bot\u00eb, do t\u2019i bashkohet aeroplan\u00ebmbajt\u00ebseve\u00a0USS Carl Vinson\u00a0dhe\u00a0USS Ronald Reagan, n\u00eb per\u00ebndim t\u00eb Paq\u00ebsorit.<\/p>\n<p>Ushtria amerikane rall\u00eb ka dislokuar tre aeroplanmbajt\u00ebse n\u00eb t\u00eb nj\u00ebjtin rajon.<\/p>\n<p>Por k\u00ebrc\u00ebnimi n\u00eb rritje nga Korea e Veriut shihet si nj\u00eb sfid\u00eb madhore e siguris\u00eb p\u00ebr presidentin Donald Trump, i cili \u00ebsht\u00eb zotuar ta ndaloj\u00eb at\u00eb vend t\u00eb zhvilloj\u00eb aft\u00ebsi p\u00ebr t\u00eb goditur Shtetet e Bashkuara me nj\u00eb raket\u00eb b\u00ebrthamore, kapacitet q\u00eb Pheniani mund ta ket\u00eb pas vitit 2020.<\/p>\n<p>P\u00ebrkrah kryeministrit japonez Shinzo Abe, zoti Trump tha t\u00eb premten para takimit t\u00eb G-7 n\u00eb Si\u00e7ili se Korea e Veriut do t\u00eb ishte nj\u00eb fokus i ve\u00e7ant\u00eb i takimit.<\/p>\n","protected":false},"excerpt":{"rendered":"<p>Aeroplanmbajt\u00ebsja\u00a0USS Nimitz, nj\u00eb nga anijet luftarake m\u00eb t\u00eb m\u00ebdha n\u00eb bot\u00eb, do t\u2019i bashkohet aeroplan\u00ebmbajt\u00ebseve\u00a0USS Carl Vinson\u00a0dhe\u00a0USS Ronald Reagan, n\u00eb per\u00ebndim t\u00eb Paq\u00ebsorit. Ushtria amerikane rall\u00eb ka dislokuar tre aeroplanmbajt\u00ebse n\u00eb t\u00eb nj\u00ebjtin rajon. Por k\u00ebrc\u00ebnimi n\u00eb rritje nga Korea e Veriut shihet si nj\u00eb sfid\u00eb madhore e siguris\u00eb p\u00ebr presidentin Donald Trump, i cili [&hellip;]<\/p>\n","protected":false},"author":1,"featured_media":32651,"comment_status":"open","ping_status":"closed","sticky":false,"template":"","format":"standard","meta":{"footnotes":""},"categories":[24],"tags":[2361,3814],"class_list":["post-32650","post","type-post","status-publish","format-standard","has-post-thumbnail","hentry","category-bote","tag-amerika","tag-korea-veriore"],"_links":{"self":[{"href":"https:\/\/prizrenpost.com\/al\/wp-json\/wp\/v2\/posts\/32650","targetHints":{"allow":["GET"]}}],"collection":[{"href":"https:\/\/prizrenpost.com\/al\/wp-json\/wp\/v2\/posts"}],"about":[{"href":"https:\/\/prizrenpost.com\/al\/wp-json\/wp\/v2\/types\/post"}],"author":[{"embeddable":true,"href":"https:\/\/prizrenpost.com\/al\/wp-json\/wp\/v2\/users\/1"}],"replies":[{"embeddable":true,"href":"https:\/\/prizrenpost.com\/al\/wp-json\/wp\/v2\/comments?post=32650"}],"version-history":[{"count":0,"href":"https:\/\/prizrenpost.com\/al\/wp-json\/wp\/v2\/posts\/32650\/revisions"}],"wp:featuredmedia":[{"embeddable":true,"href":"https:\/\/prizrenpost.com\/al\/wp-json\/wp\/v2\/media\/32651"}],"wp:attachment":[{"href":"https:\/\/prizrenpost.com\/al\/wp-json\/wp\/v2\/media?parent=32650"}],"wp:term":[{"taxonomy":"category","embeddable":true,"href":"https:\/\/prizrenpost.com\/al\/wp-json\/wp\/v2\/categories?post=32650"},{"taxonomy":"post_tag","embeddable":true,"href":"https:\/\/prizrenpost.com\/al\/wp-json\/wp\/v2\/tags?post=32650"}],"curies":[{"name":"wp","href":"https:\/\/api.w.org\/{rel}","templated":true}]}}