{"id":32656,"date":"2017-05-27T17:49:38","date_gmt":"2017-05-27T15:49:38","guid":{"rendered":"http:\/\/www.gazetaexpress.com\/lajme\/djali-i-sami-lushtakut-thote-se-perrkahin-fuqishem-fillimin-e-ri-378820\/"},"modified":"2017-05-27T22:25:02","modified_gmt":"2017-05-27T20:25:02","slug":"djali-i-sami-lushtakut-thote-se-perkrahin-fuqishem-fillimin-e-ri","status":"publish","type":"post","link":"https:\/\/prizrenpost.com\/al\/djali-i-sami-lushtakut-thote-se-perkrahin-fuqishem-fillimin-e-ri\/","title":{"rendered":"Djali i Sami Lushtakut thot\u00eb se p\u00ebrkrahin fuqish\u00ebm &#8216;Fillimin e ri&#8217;"},"content":{"rendered":"<p><img decoding=\"async\" src=\"https:\/\/prizrenpost.com\/al\/wp-content\/uploads\/2017\/05\/djali-i-sami-lushtakut-thote-se-perkrahin-fuqishem-fillimin-e-ri.jpg\"><\/p>\n<p>M\u00ebrgimi, q\u00eb \u00ebsht\u00eb edhe kandidat i koalicionit PDK-AAK-Nisma p\u00ebr deputet, duke folur n\u00eb nj\u00eb tubim n\u00eb Skenderaj pohoi se ndjehet krenar q\u00eb partia ia dha besimin.<\/p>\n<p>\u201cFamilja ime \u00ebsht\u00eb mb\u00ebshtet\u00ebse e madhe e Fillimit t\u00eb Ri. Ndjehem i nderuar q\u00eb jam pjes\u00eb e Partis\u00eb Demokratike t\u00eb Kosov\u00ebs dhe ndjehem krenar q\u00eb jam kandidat p\u00ebr deputet i k\u00ebsaj partie\u201d, tha ai.<\/p>\n<p>\u201cNuk \u00ebsht\u00eb i fuqish\u00ebm premtimi jon\u00eb, por puna jon\u00eb e b\u00ebn\u00eb premtimin\u201d, shtoi Lushtaku.<\/p>\n","protected":false},"excerpt":{"rendered":"<p>M\u00ebrgimi, q\u00eb \u00ebsht\u00eb edhe kandidat i koalicionit PDK-AAK-Nisma p\u00ebr deputet, duke folur n\u00eb nj\u00eb tubim n\u00eb Skenderaj pohoi se ndjehet krenar q\u00eb partia ia dha besimin. \u201cFamilja ime \u00ebsht\u00eb mb\u00ebshtet\u00ebse e madhe e Fillimit t\u00eb Ri. Ndjehem i nderuar q\u00eb jam pjes\u00eb e Partis\u00eb Demokratike t\u00eb Kosov\u00ebs dhe ndjehem krenar q\u00eb jam kandidat p\u00ebr deputet [&hellip;]<\/p>\n","protected":false},"author":1,"featured_media":32657,"comment_status":"open","ping_status":"closed","sticky":false,"template":"","format":"standard","meta":{"footnotes":""},"categories":[14],"tags":[3911,1419,1143],"class_list":["post-32656","post","type-post","status-publish","format-standard","has-post-thumbnail","hentry","category-kombetare","tag-mergim-lushtaku","tag-pdk","tag-zgjedhjet"],"_links":{"self":[{"href":"https:\/\/prizrenpost.com\/al\/wp-json\/wp\/v2\/posts\/32656","targetHints":{"allow":["GET"]}}],"collection":[{"href":"https:\/\/prizrenpost.com\/al\/wp-json\/wp\/v2\/posts"}],"about":[{"href":"https:\/\/prizrenpost.com\/al\/wp-json\/wp\/v2\/types\/post"}],"author":[{"embeddable":true,"href":"https:\/\/prizrenpost.com\/al\/wp-json\/wp\/v2\/users\/1"}],"replies":[{"embeddable":true,"href":"https:\/\/prizrenpost.com\/al\/wp-json\/wp\/v2\/comments?post=32656"}],"version-history":[{"count":0,"href":"https:\/\/prizrenpost.com\/al\/wp-json\/wp\/v2\/posts\/32656\/revisions"}],"wp:featuredmedia":[{"embeddable":true,"href":"https:\/\/prizrenpost.com\/al\/wp-json\/wp\/v2\/media\/32657"}],"wp:attachment":[{"href":"https:\/\/prizrenpost.com\/al\/wp-json\/wp\/v2\/media?parent=32656"}],"wp:term":[{"taxonomy":"category","embeddable":true,"href":"https:\/\/prizrenpost.com\/al\/wp-json\/wp\/v2\/categories?post=32656"},{"taxonomy":"post_tag","embeddable":true,"href":"https:\/\/prizrenpost.com\/al\/wp-json\/wp\/v2\/tags?post=32656"}],"curies":[{"name":"wp","href":"https:\/\/api.w.org\/{rel}","templated":true}]}}