{"id":32821,"date":"2017-06-04T14:00:00","date_gmt":"2017-06-04T12:00:00","guid":{"rendered":"http:\/\/www.gazetaexpress.com\/sport\/shaqiri-flet-per-te-ardhmen-383007\/"},"modified":"2017-06-04T14:30:49","modified_gmt":"2017-06-04T12:30:49","slug":"shaqiri-flet-per-te-ardhmen","status":"publish","type":"post","link":"https:\/\/prizrenpost.com\/al\/shaqiri-flet-per-te-ardhmen\/","title":{"rendered":"Shaqiri flet p\u00ebr t\u00eb ardhmen"},"content":{"rendered":"<p><img decoding=\"async\" src=\"https:\/\/prizrenpost.com\/al\/wp-content\/uploads\/2017\/06\/shaqiri-flet-per-te-ardhmen.jpg\"><\/p>\n<p>N\u00eb nj\u00eb intervist\u00eb p\u00ebr \u201cBlick.ch\u201d, an\u00ebsori shqiptar i Stoke City, Xherdan Shaqiri, ka folur p\u00ebr t\u00eb ardhmen.<\/p>\n<p>Shqiptari nuk e ka mohuar q\u00eb nj\u00eb dit\u00eb d\u00ebshiron t\u00eb fitoj\u00eb s\u00ebrish tituj, n\u00ebse kjo nuk do t\u00eb jet\u00eb e mundshme me Stoken, natyrisht se do t\u00eb k\u00ebrkoj\u00eb largimin.<\/p>\n<p>\u201cStoke City si Leicester City? Po, pse jo. Mendoj se kemi nj\u00eb skuad\u00ebr t\u00eb mir\u00eb dhe mund ta b\u00ebjm\u00eb at\u00eb q\u00eb b\u00ebn ata nj\u00eb vit m\u00eb par\u00eb\u201d, tha Shaqiri.<\/p>\n<p>\u201cA do t\u00eb nd\u00ebrroj skuad\u00ebr? Dua t\u00eb fitoj tituj, ashtu sikur isha te Bayern. Kam kontrat\u00eb me Stoke City deri n\u00eb vitin 2020\u201d, shtoi ai.<\/p>\n","protected":false},"excerpt":{"rendered":"<p>N\u00eb nj\u00eb intervist\u00eb p\u00ebr \u201cBlick.ch\u201d, an\u00ebsori shqiptar i Stoke City, Xherdan Shaqiri, ka folur p\u00ebr t\u00eb ardhmen. Shqiptari nuk e ka mohuar q\u00eb nj\u00eb dit\u00eb d\u00ebshiron t\u00eb fitoj\u00eb s\u00ebrish tituj, n\u00ebse kjo nuk do t\u00eb jet\u00eb e mundshme me Stoken, natyrisht se do t\u00eb k\u00ebrkoj\u00eb largimin. \u201cStoke City si Leicester City? Po, pse jo. Mendoj [&hellip;]<\/p>\n","protected":false},"author":1,"featured_media":32822,"comment_status":"open","ping_status":"closed","sticky":false,"template":"","format":"standard","meta":{"footnotes":""},"categories":[7],"tags":[917,1188],"class_list":["post-32821","post","type-post","status-publish","format-standard","has-post-thumbnail","hentry","category-sport","tag-premier-league","tag-xherdan-shaqiri"],"_links":{"self":[{"href":"https:\/\/prizrenpost.com\/al\/wp-json\/wp\/v2\/posts\/32821","targetHints":{"allow":["GET"]}}],"collection":[{"href":"https:\/\/prizrenpost.com\/al\/wp-json\/wp\/v2\/posts"}],"about":[{"href":"https:\/\/prizrenpost.com\/al\/wp-json\/wp\/v2\/types\/post"}],"author":[{"embeddable":true,"href":"https:\/\/prizrenpost.com\/al\/wp-json\/wp\/v2\/users\/1"}],"replies":[{"embeddable":true,"href":"https:\/\/prizrenpost.com\/al\/wp-json\/wp\/v2\/comments?post=32821"}],"version-history":[{"count":0,"href":"https:\/\/prizrenpost.com\/al\/wp-json\/wp\/v2\/posts\/32821\/revisions"}],"wp:featuredmedia":[{"embeddable":true,"href":"https:\/\/prizrenpost.com\/al\/wp-json\/wp\/v2\/media\/32822"}],"wp:attachment":[{"href":"https:\/\/prizrenpost.com\/al\/wp-json\/wp\/v2\/media?parent=32821"}],"wp:term":[{"taxonomy":"category","embeddable":true,"href":"https:\/\/prizrenpost.com\/al\/wp-json\/wp\/v2\/categories?post=32821"},{"taxonomy":"post_tag","embeddable":true,"href":"https:\/\/prizrenpost.com\/al\/wp-json\/wp\/v2\/tags?post=32821"}],"curies":[{"name":"wp","href":"https:\/\/api.w.org\/{rel}","templated":true}]}}