{"id":32904,"date":"2017-06-08T22:17:31","date_gmt":"2017-06-08T20:17:31","guid":{"rendered":"http:\/\/www.gazetaexpress.com\/sport\/bunjaki-shpreson-t-i-kete-gati-per-turqine-keta-dy-lojtare-385712\/"},"modified":"2017-06-08T22:40:02","modified_gmt":"2017-06-08T20:40:02","slug":"bunjaki-shpreson-ti-kete-gati-keta-dy-lojtare-kunder-turqine","status":"publish","type":"post","link":"https:\/\/prizrenpost.com\/al\/bunjaki-shpreson-ti-kete-gati-keta-dy-lojtare-kunder-turqine\/","title":{"rendered":"Bunjaki shpreson t\u2019i ket\u00eb gati k\u00ebta dy lojtar\u00eb kund\u00ebr Turqin\u00eb"},"content":{"rendered":"<p><img decoding=\"async\" src=\"https:\/\/prizrenpost.com\/al\/wp-content\/uploads\/2017\/06\/bunjaki-shpreson-ti-kete-gati-per-turqine-keta-dy-lojtare.jpg\"><\/p>\n<p>P\u00ebr shkak se fusha e stadiumit \u201cAgron Rama\u201d n\u00eb Kastriot ishte shum\u00eb e fort\u00eb dhe e pap\u00ebrshtatshme p\u00ebr st\u00ebrvitje, Komb\u00ebtarja A e Kosov\u00ebs u detyrua q\u00eb st\u00ebrvitjen e radh\u00ebs ta mbaj\u00eb n\u00eb stadiumin \u201cRiza Lushta\u201d n\u00eb Mitrovic\u00eb.<\/p>\n<p>Futbollist\u00ebt e Komb\u00ebtares s\u00eb Kosov\u00ebs po punojn\u00eb me p\u00ebrkushtim t\u00eb madh , nd\u00ebrsa shtabi teknik po p\u00ebrpiqet q\u00eb t\u00eb p\u00ebrgatis\u00eb ekipin sa m\u00eb mir\u00eb n\u00eb seanca st\u00ebrvitore meq\u00eb, nuk ka mund\u00ebsi t\u00eb zhvillohen ndeshjet miq\u00ebsore, b\u00ebhet e ditur p\u00ebrmes nj\u00eb komunikate p\u00ebr media.<\/p>\n<p>Pas l\u00ebndimit t\u00eb Anel Rashkajt, n\u00eb komb\u00ebtare p\u00ebrzgjedh\u00ebsi Bunjaki ka ftuar Fanol P\u00ebrdedajn q\u00eb sot ju bashk\u00ebngjit\u00eb grupit n\u00eb st\u00ebrvitje, transmeton Gazeta Express.<\/p>\n<p>\u201cSt\u00ebrvitjet po shkojn\u00eb mir\u00eb sipas programit dhe dinamik\u00ebs s\u00eb parapar\u00eb. Pas l\u00ebndimit t\u00eb Anel Rashkajt, l\u00ebndimi i t\u00eb cilit nuk \u00ebsht\u00eb i natyr\u00ebs s\u00eb r\u00ebnd\u00eb por q\u00eb k\u00ebrkon trajtim jemi detyruar ta ftojm\u00eb Fanol P\u00ebrdedajn. Po ashtu ju keni par\u00eb se Valon Berisha dhe Samir Ujkani po st\u00ebrvitin n\u00eb m\u00ebnyr\u00eb individuale, por prej nes\u00ebr besoj se do t\u2019i bashkohen grupit dhe t\u00eb jemi m\u00eb komplet\u201d, ka th\u00ebn\u00eb Bunjaki.<\/p>\n","protected":false},"excerpt":{"rendered":"<p>P\u00ebr shkak se fusha e stadiumit \u201cAgron Rama\u201d n\u00eb Kastriot ishte shum\u00eb e fort\u00eb dhe e pap\u00ebrshtatshme p\u00ebr st\u00ebrvitje, Komb\u00ebtarja A e Kosov\u00ebs u detyrua q\u00eb st\u00ebrvitjen e radh\u00ebs ta mbaj\u00eb n\u00eb stadiumin \u201cRiza Lushta\u201d n\u00eb Mitrovic\u00eb. Futbollist\u00ebt e Komb\u00ebtares s\u00eb Kosov\u00ebs po punojn\u00eb me p\u00ebrkushtim t\u00eb madh , nd\u00ebrsa shtabi teknik po p\u00ebrpiqet q\u00eb [&hellip;]<\/p>\n","protected":false},"author":1,"featured_media":32905,"comment_status":"open","ping_status":"closed","sticky":false,"template":"","format":"standard","meta":{"footnotes":""},"categories":[7],"tags":[3932,287,3315,310],"class_list":["post-32904","post","type-post","status-publish","format-standard","has-post-thumbnail","hentry","category-sport","tag-bunjaki","tag-kosova","tag-kupa-e-botes","tag-turqia"],"_links":{"self":[{"href":"https:\/\/prizrenpost.com\/al\/wp-json\/wp\/v2\/posts\/32904","targetHints":{"allow":["GET"]}}],"collection":[{"href":"https:\/\/prizrenpost.com\/al\/wp-json\/wp\/v2\/posts"}],"about":[{"href":"https:\/\/prizrenpost.com\/al\/wp-json\/wp\/v2\/types\/post"}],"author":[{"embeddable":true,"href":"https:\/\/prizrenpost.com\/al\/wp-json\/wp\/v2\/users\/1"}],"replies":[{"embeddable":true,"href":"https:\/\/prizrenpost.com\/al\/wp-json\/wp\/v2\/comments?post=32904"}],"version-history":[{"count":0,"href":"https:\/\/prizrenpost.com\/al\/wp-json\/wp\/v2\/posts\/32904\/revisions"}],"wp:featuredmedia":[{"embeddable":true,"href":"https:\/\/prizrenpost.com\/al\/wp-json\/wp\/v2\/media\/32905"}],"wp:attachment":[{"href":"https:\/\/prizrenpost.com\/al\/wp-json\/wp\/v2\/media?parent=32904"}],"wp:term":[{"taxonomy":"category","embeddable":true,"href":"https:\/\/prizrenpost.com\/al\/wp-json\/wp\/v2\/categories?post=32904"},{"taxonomy":"post_tag","embeddable":true,"href":"https:\/\/prizrenpost.com\/al\/wp-json\/wp\/v2\/tags?post=32904"}],"curies":[{"name":"wp","href":"https:\/\/api.w.org\/{rel}","templated":true}]}}