{"id":32923,"date":"2017-06-08T21:55:37","date_gmt":"2017-06-08T19:55:37","guid":{"rendered":"http:\/\/www.gazetaexpress.com\/lajme\/kosovaret-nga-janari-me-sim-kartela-te-reja-385704\/"},"modified":"2017-06-08T22:44:47","modified_gmt":"2017-06-08T20:44:47","slug":"kosovaret-nga-janari-me-sim-kartela-te-reja","status":"publish","type":"post","link":"https:\/\/prizrenpost.com\/al\/kosovaret-nga-janari-me-sim-kartela-te-reja\/","title":{"rendered":"Kosovar\u00ebt nga janari me SIM kartela t\u00eb reja"},"content":{"rendered":"<p><img decoding=\"async\" src=\"https:\/\/prizrenpost.com\/al\/wp-content\/uploads\/2017\/06\/kosovaret-nga-janari-me-sim-kartela-te-reja.jpg\"><\/p>\n<p>Kryetari i bordit t\u00eb Autoritetit Rregullativ t\u00eb Komunikimeve Elektronike dhe Postare (ARKEP), Kreshnik Gashi i ka th\u00ebn\u00eb Radios Evropa e Lir\u00eb se faza e par\u00eb e thirrjeve lokale \u00ebsht\u00eb zbatuar, derisa thirrjet nd\u00ebrkomb\u00ebtare jan\u00eb duke u zbatuar hap pas hapi me secil\u00ebn operator\u00eb nd\u00ebrkomb\u00ebtar\u00eb.<\/p>\n<p>\u201cProcesi \u00ebsht\u00eb i till\u00eb q\u00eb operator\u00ebt tan\u00eb duhet t\u00eb hyn\u00eb n\u00eb marr\u00ebdh\u00ebnie kontraktuale me secilin nga operator\u00ebt nd\u00ebrkomb\u00ebtar\u00eb. N\u00eb k\u00ebt\u00eb drejtim, me q\u00ebllim t\u00eb rritjes s\u00eb vet\u00ebdijes p\u00ebr k\u00ebt\u00eb, ARKEP u ka d\u00ebrguar nj\u00eb let\u00ebr t\u00eb gjitha autoriteteve n\u00eb gjith\u00eb bot\u00ebn me q\u00ebllim q\u00eb t\u2019i informojn\u00eb operator\u00ebt e tyre p\u00ebr marrjen e kodit +383 t\u00eb Kosov\u00ebs dhe fazat e zbatimit. Deri m\u00eb tani dy operator\u00ebt m\u00eb t\u00eb m\u00ebdhenj kan\u00eb b\u00ebr\u00eb hapa t\u00eb mir\u00eb n\u00eb drejtim t\u00eb zbatimit t\u00eb kodit +383\u201d, ka theksuar Gashi.<\/p>\n<p>Aktualisht n\u00eb Kosov\u00eb jan\u00eb prezent tre operator\u00eb t\u00eb telefonis\u00eb mobile dhe fikse, t\u00eb cil\u00ebt shfryt\u00ebzojn\u00eb kode t\u00eb huaja nd\u00ebrkomb\u00ebtare. Telefonia mobile &#8220;Vala&#8221; shfryt\u00ebzon kodin e Monakos (+377), ajo e IPKO-s kodin e Sllovenis\u00eb (+386), kurse telefonia fikse shfryt\u00ebzon kodin e Serbis\u00eb (+381).<\/p>\n<p>Drejtori teknik i Telekomit t\u00eb Kosov\u00ebs, Mehdi Latifaj, i tha Radios Evropa e Lir\u00eb se \u00ebsht\u00eb duke vazhduar globalizimi i kodit t\u00eb Kosov\u00ebs +383 dhe se disa nga operator\u00ebt e shteteve t\u00eb ndryshme t\u00eb bot\u00ebs kan\u00eb hapur numeracionin +383.<\/p>\n<p>\u201cAjo \u00e7ka \u00ebsht\u00eb pozitive se operator\u00ebt e m\u00ebdhenj, si ai gjerman, italian, i Turqis\u00eb Sllovenis\u00eb dhe disa t\u00eb tjer\u00eb, i kan\u00eb hapur numeracionin +383 drejt Kosov\u00ebs dhe ne sot pranojm\u00eb thirrje me +383 prej k\u00ebtyre vendeve apo operator\u00ebve t\u00eb tyre dhe kjo \u00ebsht\u00eb pozitive sepse ndihmon n\u00eb internacionalizimin e +383 si prefiks nd\u00ebrkomb\u00ebtar i Kosov\u00ebs\u201d, thekson Latifaj.<\/p>\n<p>Latifaj ka shtuar se jan\u00eb duke u zbatuar t\u00eb gjitha proceset p\u00ebr kalimin e plot\u00eb n\u00eb kodin +383 edhe eliminimin e kodeve t\u00eb tjera q\u00eb p\u00ebrdoren aktualisht n\u00eb Kosov\u00eb.<\/p>\n<p>Nj\u00eb komponent i r\u00ebnd\u00ebsish\u00ebm, shton Latifaj, jan\u00eb edhe marr\u00ebveshjet e romingut q\u00eb jan\u00eb rreth 400 t\u00eb cilat si t\u00eb tilla duhet t\u00eb kalojn\u00eb n\u00eb kodin e Kosov\u00ebs.<\/p>\n<p>\u201cPra \u00ebsht\u00eb nj\u00eb proces q\u00eb \u00ebsht\u00eb duke ecur, ndoshta jo me dinamik\u00ebn q\u00eb e kemi pritur, por ne do t\u00eb jemi n\u00eb objektivat e caktuara nga ARKEP q\u00eb n\u00eb fund t\u00eb k\u00ebtij viti kodi i Serbis\u00eb p\u00ebr telefoni fikse +381 t\u00eb eliminohet nga rrejti jon\u00eb, derisa + 377 diku kah mesi i vitit t\u00eb ardhsh\u00ebm\u201d, ka b\u00ebr\u00eb t\u00eb ditur Latifaj.<\/p>\n<p>Faza e tjet\u00ebr e zbatimit t\u00eb kodit +383, do t\u00eb jet\u00eb nd\u00ebrrimi i \u2018sim\u2019 kartelave dhe kjo faz\u00eb pritet t\u00eb ndodh\u00eb nga janari i vitit 2018 deri n\u00eb muajin qershor, kur \u00ebsht\u00eb edhe muaji i fundit q\u00eb p\u00ebrfundimisht p\u00ebrmbyllet i t\u00ebr\u00eb procesi.<\/p>\n<p>Kosova kishte marr\u00eb kodin telefonik +383 n\u00eb dhjetor t\u00eb vitit t\u00eb kaluar, pas arritjes s\u00eb nj\u00eb marr\u00ebveshjeje p\u00ebr telekomunikacionin n\u00eb Bruksel nd\u00ebrmjet Prishtin\u00ebs dhe Beogradit.<\/p>\n<p>Mungesa e kodit dhe p\u00ebrdorimi i kodeve t\u00eb shteteve tjera i shkaktuan Kosov\u00ebs humbje t\u00eb m\u00ebdha. T\u00eb dh\u00ebnat e Qeveris\u00eb s\u00eb Kosov\u00ebs treguan se kostoja e p\u00ebrgjithshme e shkaktuar nga mungesa e kodit telefonik kishte arritur shifr\u00ebn n\u00eb mbi 200 milion\u00eb euro. \/REL<\/p>\n","protected":false},"excerpt":{"rendered":"<p>Kryetari i bordit t\u00eb Autoritetit Rregullativ t\u00eb Komunikimeve Elektronike dhe Postare (ARKEP), Kreshnik Gashi i ka th\u00ebn\u00eb Radios Evropa e Lir\u00eb se faza e par\u00eb e thirrjeve lokale \u00ebsht\u00eb zbatuar, derisa thirrjet nd\u00ebrkomb\u00ebtare jan\u00eb duke u zbatuar hap pas hapi me secil\u00ebn operator\u00eb nd\u00ebrkomb\u00ebtar\u00eb. \u201cProcesi \u00ebsht\u00eb i till\u00eb q\u00eb operator\u00ebt tan\u00eb duhet t\u00eb hyn\u00eb n\u00eb [&hellip;]<\/p>\n","protected":false},"author":1,"featured_media":32924,"comment_status":"open","ping_status":"closed","sticky":false,"template":"","format":"standard","meta":{"footnotes":""},"categories":[6],"tags":[3803,1232,287],"class_list":["post-32923","post","type-post","status-publish","format-standard","has-post-thumbnail","hentry","category-teknologji","tag-aktuale","tag-kodi-telefonik","tag-kosova"],"_links":{"self":[{"href":"https:\/\/prizrenpost.com\/al\/wp-json\/wp\/v2\/posts\/32923","targetHints":{"allow":["GET"]}}],"collection":[{"href":"https:\/\/prizrenpost.com\/al\/wp-json\/wp\/v2\/posts"}],"about":[{"href":"https:\/\/prizrenpost.com\/al\/wp-json\/wp\/v2\/types\/post"}],"author":[{"embeddable":true,"href":"https:\/\/prizrenpost.com\/al\/wp-json\/wp\/v2\/users\/1"}],"replies":[{"embeddable":true,"href":"https:\/\/prizrenpost.com\/al\/wp-json\/wp\/v2\/comments?post=32923"}],"version-history":[{"count":0,"href":"https:\/\/prizrenpost.com\/al\/wp-json\/wp\/v2\/posts\/32923\/revisions"}],"wp:featuredmedia":[{"embeddable":true,"href":"https:\/\/prizrenpost.com\/al\/wp-json\/wp\/v2\/media\/32924"}],"wp:attachment":[{"href":"https:\/\/prizrenpost.com\/al\/wp-json\/wp\/v2\/media?parent=32923"}],"wp:term":[{"taxonomy":"category","embeddable":true,"href":"https:\/\/prizrenpost.com\/al\/wp-json\/wp\/v2\/categories?post=32923"},{"taxonomy":"post_tag","embeddable":true,"href":"https:\/\/prizrenpost.com\/al\/wp-json\/wp\/v2\/tags?post=32923"}],"curies":[{"name":"wp","href":"https:\/\/api.w.org\/{rel}","templated":true}]}}