{"id":33053,"date":"2017-06-13T14:20:51","date_gmt":"2017-06-13T12:20:51","guid":{"rendered":"http:\/\/www.gazetaexpress.com\/lajme\/parlamenti-ne-zvicer-ndryshon-statusin-e-azilkerkuesve-388246\/"},"modified":"2017-06-13T18:41:01","modified_gmt":"2017-06-13T16:41:01","slug":"parlamenti-ne-zvicer-ndryshon-statusin-e-azilkerkuesve","status":"publish","type":"post","link":"https:\/\/prizrenpost.com\/al\/parlamenti-ne-zvicer-ndryshon-statusin-e-azilkerkuesve\/","title":{"rendered":"Parlamenti n\u00eb Zvic\u00ebr ndryshon statusin e azilk\u00ebrkuesve"},"content":{"rendered":"<p><img decoding=\"async\" src=\"https:\/\/prizrenpost.com\/al\/wp-content\/uploads\/2017\/06\/parlamenti-ne-zvicer-ndryshon-statusin-e-azilkerkuesve.jpg\"><\/p>\n<p>Dhoma Nacionale e Parlamentit t\u00eb Zvicr\u00ebs \u00ebsht\u00eb marr\u00eb e para nga dy dhomat me \u00e7\u00ebshtjen e ndryshimit t\u00eb statusit t\u00eb pranimit t\u00eb p\u00ebrkohsh\u00ebm t\u00eb azilk\u00ebrkuesve (viza F) gjegj\u00ebsisht ndarjes s\u00eb k\u00ebtyre azilk\u00ebrkuesve n\u00eb dy kategori.<\/p>\n<p>Ajo, n\u00eb sesionin e djesh\u00ebm, me shumic\u00eb votash (113 kundrejt 63) ka miratuar nj\u00eb mocion p\u00ebrmes t\u00eb cilit i k\u00ebrkohet qeveris\u00eb q\u00eb t\u00eb b\u00ebj\u00eb ndryshimin p\u00ebrkat\u00ebs t\u00eb statusit t\u00eb p\u00ebrmendur, shkruan nzz.ch. Me k\u00ebt\u00eb ndryshim duhet t\u00eb realizohet nj\u00eb mbrojtje m\u00eb e mir\u00eb dhe m\u00eb efikase e refugjat\u00ebve me q\u00ebndrim t\u00eb p\u00ebrkohsh\u00ebm, transmeton albinfo.ch. Statusi i ri pritet t\u00eb p\u00ebrmir\u00ebsoj\u00eb edhe pozit\u00ebn n\u00eb tregun e pun\u00ebs t\u00eb k\u00ebsaj kategorie t\u00eb refugjat\u00ebve.<\/p>\n<p>Pas votimit n\u00eb Dhom\u00ebn Nacionale, \u00e7\u00ebshtja i kalon Dhom\u00ebs s\u00eb Kantoneve (Senatit).<\/p>\n<p>Si\u00e7 shkruan\u00a0<a href=\"http:\/\/www.albinfo.ch\/parlamenti-per-heqjen-e-statusit-te-perkohshem-vizes-f\/\" target=\"_blank\">albinfo.ch<\/a>, K\u00ebshilli Federal kishte pranuar nj\u00eb mocion t\u00eb Komisionit p\u00ebr Politika Shtet\u00ebrore (SPK) n\u00eb kuad\u00ebr t\u00eb Dhom\u00ebs Nacionale t\u00eb Parlamentit. Ky mocion k\u00ebrkonte q\u00eb statusi i sot\u00ebm i p\u00ebrkohsh\u00ebm i azilk\u00ebrkuesve (Viza F) t\u00eb diferencohet, gjegj\u00ebsisht t\u00eb parashihen kushte t\u00eb ndryshme p\u00ebr statusin e q\u00ebndrimit n\u00eb Zvic\u00ebr t\u00eb personave t\u00eb k\u00ebsaj kategorie.<\/p>\n<p>Te nj\u00eb pjes\u00eb e azilk\u00ebrkuesve q\u00eb b\u00ebjn\u00eb pjes\u00eb n\u00eb k\u00ebt\u00eb grupim q\u00eb n\u00eb fillim shihet se do t\u00eb mbeten t\u00eb q\u00ebndrojn\u00eb nj\u00eb koh\u00eb t\u00eb gjat\u00eb n\u00eb Zvic\u00ebr. K\u00ebta azilk\u00ebrkues, sipas propozimit t\u00eb SPK do t\u00eb pranoheshin me statusin e ri q\u00eb do t\u00eb quhej \u201ct\u00eb mbrojtur\u201d. Nga ana tjet\u00ebr, ata t\u00eb cil\u00ebt kan\u00eb vet\u00ebm nevoj\u00eb t\u00eb p\u00ebrkohshme p\u00ebr mbrojtje, do t\u00eb identifikohen me statusin \u201cme nevoj\u00eb t\u00eb p\u00ebrkohshme p\u00ebr mbrojtje\u201d, transmeton albinfo.ch. Kjo varet nga situata n\u00eb vendet prej nga vijn\u00eb k\u00ebta persona.<\/p>\n<p>N\u00eb rast se t\u00eb dy dhomat e Parlamentit do ta votojn\u00eb k\u00ebt\u00eb propozim, K\u00ebshilli Federal do ta p\u00ebrpunoj\u00eb nj\u00eb propozim ligji p\u00ebr k\u00ebt\u00eb problematik\u00eb.<\/p>\n<p>Statusi i kategoris\u00eb s\u00eb par\u00eb (t\u00eb mbrojtur), sipas komisionit t\u00eb p\u00ebrmendur do t\u00eb ket\u00eb k\u00ebto cil\u00ebsi: nuk do t\u00eb jet\u00eb i kufizuar n\u00eb koh\u00eb; do t\u00eb mund\u00ebsoj\u00eb bashkimin familjar t\u00eb personit q\u00eb ka k\u00ebt\u00eb status, me kusht q\u00eb ai t\u00eb jet\u00eb i pavarur financiarisht; \u00cbsht\u00eb e domosdoshme lidhja e marr\u00ebveshjes p\u00ebr integrim; Integrimi n\u00eb tregun e pun\u00ebs etj.<\/p>\n","protected":false},"excerpt":{"rendered":"<p>Dhoma Nacionale e Parlamentit t\u00eb Zvicr\u00ebs \u00ebsht\u00eb marr\u00eb e para nga dy dhomat me \u00e7\u00ebshtjen e ndryshimit t\u00eb statusit t\u00eb pranimit t\u00eb p\u00ebrkohsh\u00ebm t\u00eb azilk\u00ebrkuesve (viza F) gjegj\u00ebsisht ndarjes s\u00eb k\u00ebtyre azilk\u00ebrkuesve n\u00eb dy kategori. Ajo, n\u00eb sesionin e djesh\u00ebm, me shumic\u00eb votash (113 kundrejt 63) ka miratuar nj\u00eb mocion p\u00ebrmes t\u00eb cilit i k\u00ebrkohet [&hellip;]<\/p>\n","protected":false},"author":1,"featured_media":33054,"comment_status":"open","ping_status":"closed","sticky":false,"template":"","format":"standard","meta":{"footnotes":""},"categories":[33],"tags":[3944,3451],"class_list":["post-33053","post","type-post","status-publish","format-standard","has-post-thumbnail","hentry","category-europe","tag-azilantet","tag-zvicer"],"_links":{"self":[{"href":"https:\/\/prizrenpost.com\/al\/wp-json\/wp\/v2\/posts\/33053","targetHints":{"allow":["GET"]}}],"collection":[{"href":"https:\/\/prizrenpost.com\/al\/wp-json\/wp\/v2\/posts"}],"about":[{"href":"https:\/\/prizrenpost.com\/al\/wp-json\/wp\/v2\/types\/post"}],"author":[{"embeddable":true,"href":"https:\/\/prizrenpost.com\/al\/wp-json\/wp\/v2\/users\/1"}],"replies":[{"embeddable":true,"href":"https:\/\/prizrenpost.com\/al\/wp-json\/wp\/v2\/comments?post=33053"}],"version-history":[{"count":0,"href":"https:\/\/prizrenpost.com\/al\/wp-json\/wp\/v2\/posts\/33053\/revisions"}],"wp:featuredmedia":[{"embeddable":true,"href":"https:\/\/prizrenpost.com\/al\/wp-json\/wp\/v2\/media\/33054"}],"wp:attachment":[{"href":"https:\/\/prizrenpost.com\/al\/wp-json\/wp\/v2\/media?parent=33053"}],"wp:term":[{"taxonomy":"category","embeddable":true,"href":"https:\/\/prizrenpost.com\/al\/wp-json\/wp\/v2\/categories?post=33053"},{"taxonomy":"post_tag","embeddable":true,"href":"https:\/\/prizrenpost.com\/al\/wp-json\/wp\/v2\/tags?post=33053"}],"curies":[{"name":"wp","href":"https:\/\/api.w.org\/{rel}","templated":true}]}}